{"id":50291,"date":"2026-01-29T22:14:58","date_gmt":"2026-01-30T02:14:58","guid":{"rendered":"https:\/\/ciudadtrujillo.com\/?p=50291"},"modified":"2026-01-29T22:14:58","modified_gmt":"2026-01-30T02:14:58","slug":"alcaldia-comunal-de-valera-e-incaet-realizan-encuentro-con-cultores","status":"publish","type":"post","link":"https:\/\/ciudadtrujillo.com\/?p=50291","title":{"rendered":"Alcald\u00eda Comunal de Valera e Incaet realizan encuentro con cultores"},"content":{"rendered":"<p style=\"text-align: justify;\">La Alcald\u00eda Comunal de Valera, a trav\u00e9s de la Unidad de Cultura y Artes, en conjunto con el Instituto de Cultura y Artes del Estado Trujillo (Incaet), llev\u00f3 a cabo un encuentro con cultores y cultoras que hacen vida activa en el municipio, en el cual se inform\u00f3 acerca de la Agenda Concreta de Acci\u00f3n para el pr\u00f3ximo trimestre del a\u00f1o.<\/p>\n<p style=\"text-align: justify;\">Durante el desarrollo de esta reuni\u00f3n, se mencionaron algunas actividades a realizar, reafirmando el compromiso de trabajar de la mano con las Salas de Autogobierno para garantizar el \u00e9xito en el cumplimiento de tareas.<\/p>\n<p style=\"text-align: justify;\">Entre los puntos consensuados para la agenda inmediata destacan la organizaci\u00f3n de encuentros de saberes populares y el apoyo a manifestaciones culturales en las distintas parroquias del municipio Valera.<\/p>\n<p style=\"text-align: justify;\">En esta actividad realizada en el teatro Ana Enriqueta Ter\u00e1n tambi\u00e9n fueron presentados los enlaces municipales de la Misi\u00f3n Venezuela Viva.<\/p>\n<p style=\"text-align: justify;\">En este sentido, figuran los enlaces Luis Alberto Delgado por la parroquia Mercedes D\u00edaz; Mauricio Arzola por La Puerta; Mar\u00eda Torres por La Beatriz; Yeni Araujo por San Luis, y Mario Brice\u00f1o por la parroquia Juan Ignacio Montilla.<\/p>\n<p style=\"text-align: justify;\">Asimismo, fue elegido por cada Circuito Comunal y Comuna un enlace de la Misi\u00f3n Venezuela Viva.<\/p>\n<p style=\"text-align: justify;\">La Alcald\u00eda Comunal reconoce a la cultura como pilar fundamental para el desarrollo social y la identidad del municipio, reafirmando, adem\u00e1s, el compromiso de trabajar de la mano con los cultores y cultoras.<\/p>\n<p>&nbsp;<\/p>\n<p>&nbsp;<\/p>\n<h6>Prensa Alcald\u00eda Comunal de Valera<\/h6>\n","protected":false},"excerpt":{"rendered":"<p>La Alcald\u00eda Comunal de Valera, a trav\u00e9s de la Unidad de Cultura y Artes, en conjunto con el Instituto de Cultura y Artes del Estado Trujillo (Incaet), llev\u00f3 a cabo&hellip; <\/p>\n","protected":false},"author":7,"featured_media":50292,"comment_status":"closed","ping_status":"closed","sticky":false,"template":"","format":"standard","meta":{"footnotes":""},"categories":[40],"tags":[],"class_list":["post-50291","post","type-post","status-publish","format-standard","has-post-thumbnail","hentry","category-grantrujillo"],"_links":{"self":[{"href":"https:\/\/ciudadtrujillo.com\/index.php?rest_route=\/wp\/v2\/posts\/50291","targetHints":{"allow":["GET"]}}],"collection":[{"href":"https:\/\/ciudadtrujillo.com\/index.php?rest_route=\/wp\/v2\/posts"}],"about":[{"href":"https:\/\/ciudadtrujillo.com\/index.php?rest_route=\/wp\/v2\/types\/post"}],"author":[{"embeddable":true,"href":"https:\/\/ciudadtrujillo.com\/index.php?rest_route=\/wp\/v2\/users\/7"}],"replies":[{"embeddable":true,"href":"https:\/\/ciudadtrujillo.com\/index.php?rest_route=%2Fwp%2Fv2%2Fcomments&post=50291"}],"version-history":[{"count":1,"href":"https:\/\/ciudadtrujillo.com\/index.php?rest_route=\/wp\/v2\/posts\/50291\/revisions"}],"predecessor-version":[{"id":50293,"href":"https:\/\/ciudadtrujillo.com\/index.php?rest_route=\/wp\/v2\/posts\/50291\/revisions\/50293"}],"wp:featuredmedia":[{"embeddable":true,"href":"https:\/\/ciudadtrujillo.com\/index.php?rest_route=\/wp\/v2\/media\/50292"}],"wp:attachment":[{"href":"https:\/\/ciudadtrujillo.com\/index.php?rest_route=%2Fwp%2Fv2%2Fmedia&parent=50291"}],"wp:term":[{"taxonomy":"category","embeddable":true,"href":"https:\/\/ciudadtrujillo.com\/index.php?rest_route=%2Fwp%2Fv2%2Fcategories&post=50291"},{"taxonomy":"post_tag","embeddable":true,"href":"https:\/\/ciudadtrujillo.com\/index.php?rest_route=%2Fwp%2Fv2%2Ftags&post=50291"}],"curies":[{"name":"wp","href":"https:\/\/api.w.org\/{rel}","templated":true}]}}