{"id":50288,"date":"2026-01-29T22:12:53","date_gmt":"2026-01-30T02:12:53","guid":{"rendered":"https:\/\/ciudadtrujillo.com\/?p=50288"},"modified":"2026-01-29T22:12:53","modified_gmt":"2026-01-30T02:12:53","slug":"con-amplia-programacion-trujillo-se-alista-para-los-carnavales-2026","status":"publish","type":"post","link":"https:\/\/ciudadtrujillo.com\/?p=50288","title":{"rendered":"Con amplia programaci\u00f3n Trujillo se alista para los Carnavales 2026"},"content":{"rendered":"<p style=\"text-align: justify;\">Trujillo se llenar\u00e1 de color y alegr\u00eda para celebrar los Carnavales 2026, que prometen ser una experiencia inolvidable. Este evento, organizado por la Gobernaci\u00f3n del estado y la Direcci\u00f3n Regional \u201cEl Ni\u00f1o Sim\u00f3n\u201d, busca ofrecer entretenimiento y diversi\u00f3n a las familias de la entidad.<\/p>\n<p style=\"text-align: justify;\">La agenda carnestolenda incluye el reinado infantil el mi\u00e9rcoles 11 de febrero en el Foro Bolivariano de la Ciudad de las Siete Colinas, pautado para las 3:30 pm. El viernes 13 de febrero, el desfile de comparsas, carrozas y bandas show se llevar\u00e1 a cabo a las 09:00 am, llenando la Av. Bol\u00edvar de Valera de m\u00fasica y color.<\/p>\n<p style=\"text-align: justify;\">Finalmente, el s\u00e1bado 14 de febrero, el parque Los Ilustres de Valera ser\u00e1 el escenario de un desfile y exhibici\u00f3n de disfraces caninos a partir de las 9:00 am. Luego, a las 03:00 pm, se realizar\u00e1 una fiesta infantil, asegurando que la diversi\u00f3n contin\u00fae para los m\u00e1s peque\u00f1os de la casa.<\/p>\n<p>&nbsp;<\/p>\n<p>&nbsp;<\/p>\n<h6>Ciudad Trujillo<br \/>\nGr\u00e1ficas: Archivo<\/h6>\n","protected":false},"excerpt":{"rendered":"<p>Trujillo se llenar\u00e1 de color y alegr\u00eda para celebrar los Carnavales 2026, que prometen ser una experiencia inolvidable. Este evento, organizado por la Gobernaci\u00f3n del estado y la Direcci\u00f3n Regional&hellip; <\/p>\n","protected":false},"author":7,"featured_media":50289,"comment_status":"closed","ping_status":"closed","sticky":false,"template":"","format":"standard","meta":{"footnotes":""},"categories":[40],"tags":[],"class_list":["post-50288","post","type-post","status-publish","format-standard","has-post-thumbnail","hentry","category-grantrujillo"],"_links":{"self":[{"href":"https:\/\/ciudadtrujillo.com\/index.php?rest_route=\/wp\/v2\/posts\/50288","targetHints":{"allow":["GET"]}}],"collection":[{"href":"https:\/\/ciudadtrujillo.com\/index.php?rest_route=\/wp\/v2\/posts"}],"about":[{"href":"https:\/\/ciudadtrujillo.com\/index.php?rest_route=\/wp\/v2\/types\/post"}],"author":[{"embeddable":true,"href":"https:\/\/ciudadtrujillo.com\/index.php?rest_route=\/wp\/v2\/users\/7"}],"replies":[{"embeddable":true,"href":"https:\/\/ciudadtrujillo.com\/index.php?rest_route=%2Fwp%2Fv2%2Fcomments&post=50288"}],"version-history":[{"count":1,"href":"https:\/\/ciudadtrujillo.com\/index.php?rest_route=\/wp\/v2\/posts\/50288\/revisions"}],"predecessor-version":[{"id":50290,"href":"https:\/\/ciudadtrujillo.com\/index.php?rest_route=\/wp\/v2\/posts\/50288\/revisions\/50290"}],"wp:featuredmedia":[{"embeddable":true,"href":"https:\/\/ciudadtrujillo.com\/index.php?rest_route=\/wp\/v2\/media\/50289"}],"wp:attachment":[{"href":"https:\/\/ciudadtrujillo.com\/index.php?rest_route=%2Fwp%2Fv2%2Fmedia&parent=50288"}],"wp:term":[{"taxonomy":"category","embeddable":true,"href":"https:\/\/ciudadtrujillo.com\/index.php?rest_route=%2Fwp%2Fv2%2Fcategories&post=50288"},{"taxonomy":"post_tag","embeddable":true,"href":"https:\/\/ciudadtrujillo.com\/index.php?rest_route=%2Fwp%2Fv2%2Ftags&post=50288"}],"curies":[{"name":"wp","href":"https:\/\/api.w.org\/{rel}","templated":true}]}}