{"id":50241,"date":"2026-01-27T21:44:26","date_gmt":"2026-01-28T01:44:26","guid":{"rendered":"https:\/\/ciudadtrujillo.com\/?p=50241"},"modified":"2026-01-27T21:44:26","modified_gmt":"2026-01-28T01:44:26","slug":"mas-de-680-estudiantes-atendidos-en-primeros-despliegues-del-programa-semilleros-cientificos-2026","status":"publish","type":"post","link":"https:\/\/ciudadtrujillo.com\/?p=50241","title":{"rendered":"M\u00e1s de 680 estudiantes atendidos en primeros despliegues del Programa Semilleros Cient\u00edficos 2026"},"content":{"rendered":"<p>&nbsp;<\/p>\n<p>El impulso a las vocaciones relacionadas con la ciencia arranc\u00f3 en este nuevo a\u00f1o en el estado Trujillo con el despliegue territorial del Programa Nacional Semilleros Cient\u00edfico, proyecto bandera del Gobierno Bolivariano del Presidente Nicol\u00e1s Maduro, promovido por la presidenta encargada Delcy Rodr\u00edguez para asegurar la siembra y preservaci\u00f3n del talento cient\u00edfico nacional.<\/p>\n<p>Con la participaci\u00f3n de 108 estudiantes de la U.E \u00abProf. Jos\u00e9 Alberto Azuaje\u00bb en la Comuna Agr\u00edcola La Chapa, del municipio Pampanito, se llev\u00f3 a cabo la primera jornada con el objetivo de transformar el conocimiento en las nuevas generaciones. Las din\u00e1micas impartidas forman parte del primer v\u00e9rtice de la Gran Misi\u00f3n Ciencia Tecnolog\u00eda e Innovaci\u00f3n \u00abDr. Humberto Fern\u00e1ndez-Mor\u00e1n\u00bb que establece la formaci\u00f3n y el resguardo del talento cient\u00edfico.<\/p>\n<p>Posteriormente, se realizaron otros despliegues en la U.E Emiro Fuenmayor de la Comuna \u201cSabio Rafael Rangel\u201d, parroquia Betijoque de Rafael Rangel, donde se atendieron 310 estudiantes y en el Liceo Francisco Javier Urbina de la Comuna \u00abFlor de la Revoluci\u00f3n\u00bb, ubicado en la parroquia Flor de Patria del municipio Pamp\u00e1n, con la participaci\u00f3n de 270 estudiantes.<\/p>\n<p>Los participantes obtuvieron conocimientos a trav\u00e9s de experiencias interactivas, educativas y altamente motivadoras que buscan orientar sus vocaciones cient\u00edficas desde edades tempranas, despertando la curiosidad por el estudio de \u00e1reas fundamentales del conocimiento. La capacitaci\u00f3n incluye experimentaci\u00f3n qu\u00edmica, aplicaciones de f\u00edsica y matem\u00e1ticas, tecnolog\u00eda en rob\u00f3tica y programaci\u00f3n, conciencia ecosocial, observaci\u00f3n astron\u00f3mica, exploraci\u00f3n en microscop\u00eda e introducci\u00f3n a las ciencias computacionales, aportes cient\u00edficos al \u00e1rea de la salud y ciencia aplicada a la producci\u00f3n.<\/p>\n<p>Estas actividades son desarrolladas por el Ministerio del Poder Popular para Ciencia y Tecnolog\u00eda, a trav\u00e9s de Fundacite Trujillo con el Ministerio del Poder Popular para la Educaci\u00f3n mediante el acompa\u00f1amiento del Centro de Desarrollo de la Calidad Educativa (CDCE) con el apoyo y accionar en el territorio de la Fundaci\u00f3n Infocentro, ofreciendo un contenido diverso que apunta hacia la comunalizaci\u00f3n de la ciencia.<\/p>\n<p>&nbsp;<\/p>\n<p><strong><em>Ciudad Trujillo con informaci\u00f3n de Fundacite<\/em><\/strong><\/p>\n<p>&nbsp;<\/p>\n<p>&nbsp;<\/p>\n","protected":false},"excerpt":{"rendered":"<p>&nbsp; El impulso a las vocaciones relacionadas con la ciencia arranc\u00f3 en este nuevo a\u00f1o en el estado Trujillo con el despliegue territorial del Programa Nacional Semilleros Cient\u00edfico, proyecto bandera&hellip; <\/p>\n","protected":false},"author":7,"featured_media":50242,"comment_status":"closed","ping_status":"closed","sticky":false,"template":"","format":"standard","meta":{"footnotes":""},"categories":[40],"tags":[],"class_list":["post-50241","post","type-post","status-publish","format-standard","has-post-thumbnail","hentry","category-grantrujillo"],"_links":{"self":[{"href":"https:\/\/ciudadtrujillo.com\/index.php?rest_route=\/wp\/v2\/posts\/50241","targetHints":{"allow":["GET"]}}],"collection":[{"href":"https:\/\/ciudadtrujillo.com\/index.php?rest_route=\/wp\/v2\/posts"}],"about":[{"href":"https:\/\/ciudadtrujillo.com\/index.php?rest_route=\/wp\/v2\/types\/post"}],"author":[{"embeddable":true,"href":"https:\/\/ciudadtrujillo.com\/index.php?rest_route=\/wp\/v2\/users\/7"}],"replies":[{"embeddable":true,"href":"https:\/\/ciudadtrujillo.com\/index.php?rest_route=%2Fwp%2Fv2%2Fcomments&post=50241"}],"version-history":[{"count":1,"href":"https:\/\/ciudadtrujillo.com\/index.php?rest_route=\/wp\/v2\/posts\/50241\/revisions"}],"predecessor-version":[{"id":50243,"href":"https:\/\/ciudadtrujillo.com\/index.php?rest_route=\/wp\/v2\/posts\/50241\/revisions\/50243"}],"wp:featuredmedia":[{"embeddable":true,"href":"https:\/\/ciudadtrujillo.com\/index.php?rest_route=\/wp\/v2\/media\/50242"}],"wp:attachment":[{"href":"https:\/\/ciudadtrujillo.com\/index.php?rest_route=%2Fwp%2Fv2%2Fmedia&parent=50241"}],"wp:term":[{"taxonomy":"category","embeddable":true,"href":"https:\/\/ciudadtrujillo.com\/index.php?rest_route=%2Fwp%2Fv2%2Fcategories&post=50241"},{"taxonomy":"post_tag","embeddable":true,"href":"https:\/\/ciudadtrujillo.com\/index.php?rest_route=%2Fwp%2Fv2%2Ftags&post=50241"}],"curies":[{"name":"wp","href":"https:\/\/api.w.org\/{rel}","templated":true}]}}