{"id":50235,"date":"2026-01-27T21:39:10","date_gmt":"2026-01-28T01:39:10","guid":{"rendered":"https:\/\/ciudadtrujillo.com\/?p=50235"},"modified":"2026-01-27T21:39:10","modified_gmt":"2026-01-28T01:39:10","slug":"telebocono-mantiene-abiertas-las-inscripciones-para-i-festival-audiovisual","status":"publish","type":"post","link":"https:\/\/ciudadtrujillo.com\/?p=50235","title":{"rendered":"Telebocon\u00f3 mantiene abiertas las inscripciones para I Festival Audiovisual"},"content":{"rendered":"<p>&nbsp;<\/p>\n<p>Las inscripciones para el I Festival Audiovisual Telebocon\u00f3 Fest: \u00abLo que somos, lo que vemos\u00bb se mantienen abiertas para todos aquellos interesados en postular sus piezas audiovisuales. Hasta el pr\u00f3ximo 13 de febrero se recibir\u00e1n los proyectos que participar\u00e1n en este concurso promovido por la Televisora Cultural Boconesa en el marco de su 47\u00b0 aniversario.<\/p>\n<p>El mencionado festival cuenta con dos categor\u00edas principales para los creadores audiovisuales: infantil (dirigida a ni\u00f1os y adolescentes entre 9 y 14 a\u00f1os) y libre (para concursantes de 15 a\u00f1os en adelante), fomentando la participaci\u00f3n de todas las edades.<\/p>\n<p>Esta iniciativa parte de la intenci\u00f3n de incentivar a ni\u00f1os, j\u00f3venes y adultos a la producci\u00f3n de piezas audiovisuales, promoviendo la expresi\u00f3n cultural y la creatividad. Para ello se han establecido tres renglones tem\u00e1ticos: 1) Patrimonio y fe -tradiciones religiosas y monumentos hist\u00f3ricos-, 2) Rutas y saberes -turismo local, artesan\u00eda y conocimientos populares- y 3) Eco-conciencia -preservaci\u00f3n del medio ambiente y respeto por el entorno natural-.<\/p>\n<p>El anuncio de los ganadores se realizar\u00e1 el pr\u00f3ximo 26 de febrero, fecha que coincide con el aniversario de la fundaci\u00f3n de Telebocon\u00f3.<\/p>\n<p>&nbsp;<\/p>\n<p><strong><em>Ciudad Trujillo<\/em><\/strong><\/p>\n","protected":false},"excerpt":{"rendered":"<p>&nbsp; Las inscripciones para el I Festival Audiovisual Telebocon\u00f3 Fest: \u00abLo que somos, lo que vemos\u00bb se mantienen abiertas para todos aquellos interesados en postular sus piezas audiovisuales. Hasta el&hellip; <\/p>\n","protected":false},"author":7,"featured_media":50236,"comment_status":"closed","ping_status":"closed","sticky":false,"template":"","format":"standard","meta":{"footnotes":""},"categories":[40],"tags":[],"class_list":["post-50235","post","type-post","status-publish","format-standard","has-post-thumbnail","hentry","category-grantrujillo"],"_links":{"self":[{"href":"https:\/\/ciudadtrujillo.com\/index.php?rest_route=\/wp\/v2\/posts\/50235","targetHints":{"allow":["GET"]}}],"collection":[{"href":"https:\/\/ciudadtrujillo.com\/index.php?rest_route=\/wp\/v2\/posts"}],"about":[{"href":"https:\/\/ciudadtrujillo.com\/index.php?rest_route=\/wp\/v2\/types\/post"}],"author":[{"embeddable":true,"href":"https:\/\/ciudadtrujillo.com\/index.php?rest_route=\/wp\/v2\/users\/7"}],"replies":[{"embeddable":true,"href":"https:\/\/ciudadtrujillo.com\/index.php?rest_route=%2Fwp%2Fv2%2Fcomments&post=50235"}],"version-history":[{"count":1,"href":"https:\/\/ciudadtrujillo.com\/index.php?rest_route=\/wp\/v2\/posts\/50235\/revisions"}],"predecessor-version":[{"id":50237,"href":"https:\/\/ciudadtrujillo.com\/index.php?rest_route=\/wp\/v2\/posts\/50235\/revisions\/50237"}],"wp:featuredmedia":[{"embeddable":true,"href":"https:\/\/ciudadtrujillo.com\/index.php?rest_route=\/wp\/v2\/media\/50236"}],"wp:attachment":[{"href":"https:\/\/ciudadtrujillo.com\/index.php?rest_route=%2Fwp%2Fv2%2Fmedia&parent=50235"}],"wp:term":[{"taxonomy":"category","embeddable":true,"href":"https:\/\/ciudadtrujillo.com\/index.php?rest_route=%2Fwp%2Fv2%2Fcategories&post=50235"},{"taxonomy":"post_tag","embeddable":true,"href":"https:\/\/ciudadtrujillo.com\/index.php?rest_route=%2Fwp%2Fv2%2Ftags&post=50235"}],"curies":[{"name":"wp","href":"https:\/\/api.w.org\/{rel}","templated":true}]}}