{"id":50225,"date":"2026-01-27T21:32:14","date_gmt":"2026-01-28T01:32:14","guid":{"rendered":"https:\/\/ciudadtrujillo.com\/?p=50225"},"modified":"2026-01-27T21:32:14","modified_gmt":"2026-01-28T01:32:14","slug":"an-designa-directivas-de-21-grupos-de-amistad-parlamentarios","status":"publish","type":"post","link":"https:\/\/ciudadtrujillo.com\/?p=50225","title":{"rendered":"AN designa directivas de 21 Grupos de Amistad Parlamentarios"},"content":{"rendered":"<p>&nbsp;<\/p>\n<p>La Asamblea Nacional (AN) anunci\u00f3 la designaci\u00f3n de los presidentes y vicepresidentes de Grupos de Amistad Parlamentarios con 21 naciones de la regi\u00f3n y el mundo, como continuaci\u00f3n de las actividades legislativas para el per\u00edodo 2026-2031.<\/p>\n<p>\u201cSon los designados y designadas de los 21 grupos de amistad parlamentaria que asumen el d\u00eda de hoy. Continuaremos en las pr\u00f3ximas sesiones anunciando nuevos miembros de la junta directiva de los grupos de amistad y se van incorporando y conformando los grupos por secretar\u00eda\u201d, inform\u00f3 el primer vicepresidente de la AN, diputado Pedro Infante, durante la sesi\u00f3n ordinaria de este martes.<\/p>\n<p>Tras levantar el encuentro, inform\u00f3 que el pr\u00f3ximo jueves, a las 11:30 de la ma\u00f1ana, continuar\u00e1n con esta tarea, para que posteriormente la direcci\u00f3n de Asuntos Internacionales proceda a hacer las respectivas juramentaciones.<\/p>\n<p>A continuaci\u00f3n, la lectura realizada con la designaci\u00f3n de diputados y diputadas quienes integran la directiva de cada uno de estos 21 Grupos de Amistad:<\/p>\n<p>Paraguay: Jheizon Guzm\u00e1n (Presidente), Aurora Paredes (Vicepresidenta)<\/p>\n<p>Rep\u00fablica Dominicana: Timoteo Zambrano (Presidente), Juan Vald\u00e9s (Vicepresidente)<\/p>\n<p>Honduras: Mar\u00eda Rosa Jim\u00e9nez (Presdenta), Mar\u00eda Vizcarrondo (Vicepresidenta)<\/p>\n<p>Panam\u00e1: Rodolfo Crespo (Presidente), C\u00e9sar P\u00e9rez (Vicepresidenta)<\/p>\n<p>Ecuador: Azucena Jaspe (Presidenta) Mar\u00eda Carrasquel (Vicepresidenta)<\/p>\n<p>Per\u00fa: F. S\u00e1nchez (Presidente) Kariela Aray (Vicepresidenta)<\/p>\n<p>Bolivia: Rodbexa Poleo (Presidenta), Rosa Le\u00f3n (Vicepresidenta)<\/p>\n<p>Guatemala: Jos\u00e9 Cabello (Presidente), Francisco Mart\u00ednez (Vicepresidente)<\/p>\n<p>Belice: Carmen Zerpa (Presidenta), Zulaymis Gasc\u00f3n (Vicepresidenta)<\/p>\n<p>Trinidad y Tobago: Yasneidy Guarnieri (Presdenta), Quima Castro (Vicepresidenta)<\/p>\n<p>San Vicente y las Granadinas: Carlos Mart\u00ednez (Presidente), Joan Contreras (Vicepresidenta)<\/p>\n<p>Om\u00e1n: Juan Romero (Presidente), Jos\u00e9 Gregorio Colmenares (Vicepresidente)<\/p>\n<p>Emiratos \u00c1rabes Unidos: \u00c1ngel Marcano (Presidente), Miguel P\u00e9rez Abad (Vicepresidente)<\/p>\n<p>Surinam: C\u00e9sar Carrero (Presidente), Pompeyo Torrealba (Vicepresidente)<\/p>\n<p>Dominica: Frank Morales (Presidenta), Hilda Mata (Vicepresidenta)<\/p>\n<p>Barbados: Carolys P\u00e9rez (Presidente), Junior G\u00f3mez (Vicepresidente)<\/p>\n<p>San Crist\u00f3bal y Nieves: Mar\u00eda Carolina Ch\u00e1vez (Presidenta), Alexis Toledo (Vicepresidente)<\/p>\n<p>Antigua y Barbudas: Francilvys Mart\u00ednez (Presidenta), Emilio Colina (Vicepresidente)<\/p>\n<p>Santa Luc\u00eda: Casimira Monasterio (Presidenta), Inder Romero (Vicepresidente)<\/p>\n<p>Hait\u00ed: Carlos Pacheco (Presidente); Yoel Acosta (Vicepresidente)<\/p>\n<p>Egipto: G\u00e9nesis Garvett (Presidenta), Gabriel Franco (Vicepresidente)<\/p>\n<p>&nbsp;<\/p>\n<p>&nbsp;<\/p>\n<h6><em>VTV<\/em><\/h6>\n","protected":false},"excerpt":{"rendered":"<p>&nbsp; La Asamblea Nacional (AN) anunci\u00f3 la designaci\u00f3n de los presidentes y vicepresidentes de Grupos de Amistad Parlamentarios con 21 naciones de la regi\u00f3n y el mundo, como continuaci\u00f3n de&hellip; <\/p>\n","protected":false},"author":7,"featured_media":50227,"comment_status":"closed","ping_status":"closed","sticky":false,"template":"","format":"standard","meta":{"footnotes":""},"categories":[41],"tags":[],"class_list":["post-50225","post","type-post","status-publish","format-standard","has-post-thumbnail","hentry","category-pais"],"_links":{"self":[{"href":"https:\/\/ciudadtrujillo.com\/index.php?rest_route=\/wp\/v2\/posts\/50225","targetHints":{"allow":["GET"]}}],"collection":[{"href":"https:\/\/ciudadtrujillo.com\/index.php?rest_route=\/wp\/v2\/posts"}],"about":[{"href":"https:\/\/ciudadtrujillo.com\/index.php?rest_route=\/wp\/v2\/types\/post"}],"author":[{"embeddable":true,"href":"https:\/\/ciudadtrujillo.com\/index.php?rest_route=\/wp\/v2\/users\/7"}],"replies":[{"embeddable":true,"href":"https:\/\/ciudadtrujillo.com\/index.php?rest_route=%2Fwp%2Fv2%2Fcomments&post=50225"}],"version-history":[{"count":1,"href":"https:\/\/ciudadtrujillo.com\/index.php?rest_route=\/wp\/v2\/posts\/50225\/revisions"}],"predecessor-version":[{"id":50228,"href":"https:\/\/ciudadtrujillo.com\/index.php?rest_route=\/wp\/v2\/posts\/50225\/revisions\/50228"}],"wp:featuredmedia":[{"embeddable":true,"href":"https:\/\/ciudadtrujillo.com\/index.php?rest_route=\/wp\/v2\/media\/50227"}],"wp:attachment":[{"href":"https:\/\/ciudadtrujillo.com\/index.php?rest_route=%2Fwp%2Fv2%2Fmedia&parent=50225"}],"wp:term":[{"taxonomy":"category","embeddable":true,"href":"https:\/\/ciudadtrujillo.com\/index.php?rest_route=%2Fwp%2Fv2%2Fcategories&post=50225"},{"taxonomy":"post_tag","embeddable":true,"href":"https:\/\/ciudadtrujillo.com\/index.php?rest_route=%2Fwp%2Fv2%2Ftags&post=50225"}],"curies":[{"name":"wp","href":"https:\/\/api.w.org\/{rel}","templated":true}]}}