{"id":50198,"date":"2026-01-25T18:17:20","date_gmt":"2026-01-25T22:17:20","guid":{"rendered":"https:\/\/ciudadtrujillo.com\/?p=50198"},"modified":"2026-01-25T18:17:20","modified_gmt":"2026-01-25T22:17:20","slug":"devocion-y-amor-marcaron-celebracion-en-honor-a-la-virgen-de-la-paz-en-sus-456-anos","status":"publish","type":"post","link":"https:\/\/ciudadtrujillo.com\/?p=50198","title":{"rendered":"Devoci\u00f3n y amor marcaron celebraci\u00f3n en honor a la Virgen de la Paz en sus 456 a\u00f1os"},"content":{"rendered":"<p style=\"text-align: justify;\">Los fieles cat\u00f3licos en el estado Trujillo acompa\u00f1aron las procesiones en honor a Nuestra Se\u00f1ora de la Paz, celebraciones que estuvieron marcadas por el profundo fervor mariano y el amor del pueblo a su Santa Patrona.<\/p>\n<p style=\"text-align: justify;\">En j\u00fabilo y con desbordada fe, los devotos vivieron las actividades religiosas, que iniciaron con el repique simult\u00e1neo de campanas en todas las iglesias de la di\u00f3cesis. Al respecto, el obispo de Trujillo, monse\u00f1or Jos\u00e9 Trinidad Fern\u00e1ndez, expres\u00f3: \u00abestamos de fiesta, por primera vez la imagen hiperrealista de San Jos\u00e9 Gregorio Hern\u00e1ndez acompa\u00f1\u00f3 a la Excelsa Madre\u00bb.<\/p>\n<p style=\"text-align: justify;\">Durante las procesiones, los feligreses recorrieron, junto a Mar\u00eda, las calles del municipio y colmados de alegr\u00eda asistieron a la Misa Solemne.<\/p>\n<p style=\"text-align: justify;\">Durante la festividad, el pueblo dio muestra de la profunda fe hacia la Virgen de la Paz. Mar\u00eda Cristina C\u00e1rdenas, habitante del municipio capital, expres\u00f3: \u00abella es un gran orgullo y esta tradici\u00f3n es algo muy significativo para los trujillanos, juntos agradecemos por su protecci\u00f3n y amor maternal\u00bb.<\/p>\n<p>&nbsp;<\/p>\n<p>&nbsp;<\/p>\n<h6>Ciudad Trujillo<br \/>\nGr\u00e1ficas: DGPG<\/h6>\n","protected":false},"excerpt":{"rendered":"<p>Los fieles cat\u00f3licos en el estado Trujillo acompa\u00f1aron las procesiones en honor a Nuestra Se\u00f1ora de la Paz, celebraciones que estuvieron marcadas por el profundo fervor mariano y el amor&hellip; <\/p>\n","protected":false},"author":7,"featured_media":50199,"comment_status":"closed","ping_status":"closed","sticky":false,"template":"","format":"standard","meta":{"footnotes":""},"categories":[40],"tags":[],"class_list":["post-50198","post","type-post","status-publish","format-standard","has-post-thumbnail","hentry","category-grantrujillo"],"_links":{"self":[{"href":"https:\/\/ciudadtrujillo.com\/index.php?rest_route=\/wp\/v2\/posts\/50198","targetHints":{"allow":["GET"]}}],"collection":[{"href":"https:\/\/ciudadtrujillo.com\/index.php?rest_route=\/wp\/v2\/posts"}],"about":[{"href":"https:\/\/ciudadtrujillo.com\/index.php?rest_route=\/wp\/v2\/types\/post"}],"author":[{"embeddable":true,"href":"https:\/\/ciudadtrujillo.com\/index.php?rest_route=\/wp\/v2\/users\/7"}],"replies":[{"embeddable":true,"href":"https:\/\/ciudadtrujillo.com\/index.php?rest_route=%2Fwp%2Fv2%2Fcomments&post=50198"}],"version-history":[{"count":1,"href":"https:\/\/ciudadtrujillo.com\/index.php?rest_route=\/wp\/v2\/posts\/50198\/revisions"}],"predecessor-version":[{"id":50200,"href":"https:\/\/ciudadtrujillo.com\/index.php?rest_route=\/wp\/v2\/posts\/50198\/revisions\/50200"}],"wp:featuredmedia":[{"embeddable":true,"href":"https:\/\/ciudadtrujillo.com\/index.php?rest_route=\/wp\/v2\/media\/50199"}],"wp:attachment":[{"href":"https:\/\/ciudadtrujillo.com\/index.php?rest_route=%2Fwp%2Fv2%2Fmedia&parent=50198"}],"wp:term":[{"taxonomy":"category","embeddable":true,"href":"https:\/\/ciudadtrujillo.com\/index.php?rest_route=%2Fwp%2Fv2%2Fcategories&post=50198"},{"taxonomy":"post_tag","embeddable":true,"href":"https:\/\/ciudadtrujillo.com\/index.php?rest_route=%2Fwp%2Fv2%2Ftags&post=50198"}],"curies":[{"name":"wp","href":"https:\/\/api.w.org\/{rel}","templated":true}]}}