{"id":50195,"date":"2026-01-25T18:07:26","date_gmt":"2026-01-25T22:07:26","guid":{"rendered":"https:\/\/ciudadtrujillo.com\/?p=50195"},"modified":"2026-01-25T18:07:26","modified_gmt":"2026-01-25T22:07:26","slug":"guacarun-2026-reunio-a-mas-de-600-participantes-durante-su-i-edicion-en-valera","status":"publish","type":"post","link":"https:\/\/ciudadtrujillo.com\/?p=50195","title":{"rendered":"Guacarun 2026 reuni\u00f3 a m\u00e1s de 600 participantes durante su I edici\u00f3n en Valera"},"content":{"rendered":"<p style=\"text-align: justify;\">Este domingo, el Parque Los Ilustres del municipio Valera se convirti\u00f3 en el escenario del deporte, al albergar el emocionante evento Guacarun 2026 en su primera edici\u00f3n, que incluy\u00f3 una carrera de 10K y una caminata de 2K en compa\u00f1\u00eda de mascotas. Con m\u00e1s de 600 participantes, entre corredores y sus fieles compa\u00f1eros, la jornada tuvo un rotundo \u00e9xito.<\/p>\n<p style=\"text-align: justify;\">En la competencia de 10K, los ganadores fueron Freddy Vel\u00e1zques en la categor\u00eda masculina y Lilibeth Contreras en la categor\u00eda femenina, quienes se destacaron por su desempe\u00f1o excepcional.<\/p>\n<p style=\"text-align: justify;\">Los organizadores, Grupo La Guacamaya y Purina, agradecieron el contundente apoyo de la Gobernaci\u00f3n del estado Trujillo, liderada por el My. Gerardo M\u00e1rquez, y la Alcald\u00eda Comunal de Valera para el desarrollo del evento.<\/p>\n<p>&nbsp;<\/p>\n<p>&nbsp;<\/p>\n<h6>Ciudad Trujillo<br \/>\nGr\u00e1ficas: DGPG<\/h6>\n","protected":false},"excerpt":{"rendered":"<p>Este domingo, el Parque Los Ilustres del municipio Valera se convirti\u00f3 en el escenario del deporte, al albergar el emocionante evento Guacarun 2026 en su primera edici\u00f3n, que incluy\u00f3 una&hellip; <\/p>\n","protected":false},"author":7,"featured_media":50196,"comment_status":"closed","ping_status":"closed","sticky":false,"template":"","format":"standard","meta":{"footnotes":""},"categories":[40],"tags":[],"class_list":["post-50195","post","type-post","status-publish","format-standard","has-post-thumbnail","hentry","category-grantrujillo"],"_links":{"self":[{"href":"https:\/\/ciudadtrujillo.com\/index.php?rest_route=\/wp\/v2\/posts\/50195","targetHints":{"allow":["GET"]}}],"collection":[{"href":"https:\/\/ciudadtrujillo.com\/index.php?rest_route=\/wp\/v2\/posts"}],"about":[{"href":"https:\/\/ciudadtrujillo.com\/index.php?rest_route=\/wp\/v2\/types\/post"}],"author":[{"embeddable":true,"href":"https:\/\/ciudadtrujillo.com\/index.php?rest_route=\/wp\/v2\/users\/7"}],"replies":[{"embeddable":true,"href":"https:\/\/ciudadtrujillo.com\/index.php?rest_route=%2Fwp%2Fv2%2Fcomments&post=50195"}],"version-history":[{"count":1,"href":"https:\/\/ciudadtrujillo.com\/index.php?rest_route=\/wp\/v2\/posts\/50195\/revisions"}],"predecessor-version":[{"id":50197,"href":"https:\/\/ciudadtrujillo.com\/index.php?rest_route=\/wp\/v2\/posts\/50195\/revisions\/50197"}],"wp:featuredmedia":[{"embeddable":true,"href":"https:\/\/ciudadtrujillo.com\/index.php?rest_route=\/wp\/v2\/media\/50196"}],"wp:attachment":[{"href":"https:\/\/ciudadtrujillo.com\/index.php?rest_route=%2Fwp%2Fv2%2Fmedia&parent=50195"}],"wp:term":[{"taxonomy":"category","embeddable":true,"href":"https:\/\/ciudadtrujillo.com\/index.php?rest_route=%2Fwp%2Fv2%2Fcategories&post=50195"},{"taxonomy":"post_tag","embeddable":true,"href":"https:\/\/ciudadtrujillo.com\/index.php?rest_route=%2Fwp%2Fv2%2Ftags&post=50195"}],"curies":[{"name":"wp","href":"https:\/\/api.w.org\/{rel}","templated":true}]}}