{"id":50185,"date":"2026-01-25T17:46:11","date_gmt":"2026-01-25T21:46:11","guid":{"rendered":"https:\/\/ciudadtrujillo.com\/?p=50185"},"modified":"2026-01-25T17:46:11","modified_gmt":"2026-01-25T21:46:11","slug":"ciclismo-trujillano-vibro-nuevamente-en-la-4ta-edicion-del-reto-virgen-de-la-paz","status":"publish","type":"post","link":"https:\/\/ciudadtrujillo.com\/?p=50185","title":{"rendered":"Ciclismo trujillano vibr\u00f3 nuevamente en la 4ta edici\u00f3n del Reto Virgen de la Paz"},"content":{"rendered":"<p style=\"text-align: justify;\">Este domingo, Trujillo vivi\u00f3 nuevamente la pasi\u00f3n por el ciclismo con la 4ta edici\u00f3n del Reto Virgen de la Paz, evento deportivo en el que participaron m\u00e1s de 300 pedalistas.<\/p>\n<p style=\"text-align: justify;\">Con diferentes puntos de partida; desde El Prado (Pampanito) y el Parque San Jos\u00e9 Gregorio Hern\u00e1ndez (municipio capital), arranc\u00f3 esta carrera hasta llegar al Monumento a la Paz.<\/p>\n<p style=\"text-align: justify;\">En tal sentido, el presidente de la Asociaci\u00f3n Trujillana de Ciclismo, Francisco Ben\u00edtez, precis\u00f3 que gracias al gobernador Gerardo M\u00e1rquez el deporte en el estado ha tomado el horizonte correcto, por lo que desde ya se alistan para los pr\u00f3ximos encuentros deportivos, asegurando que este a\u00f1o Trujillo estar\u00e1 cargado de ciclismo.<\/p>\n<p style=\"text-align: justify;\">Por su parte, uno de los organizadores de esta actividad, Gustavo Brice\u00f1o, asever\u00f3 que esta justa deportiva ha tenido la iniciativa de seguir impulsando el ciclismo en la entidad. \u00abEste a\u00f1o llegamos con grandes expectativas, por lo que nos hemos preparado con una gran organizaci\u00f3n\u00bb, explic\u00f3.<\/p>\n<p style=\"text-align: justify;\">Este reto no solo reuni\u00f3 a ciclistas trujillanos tambi\u00e9n a algunos provenientes de distintos estados del pa\u00eds como Valencia, Zulia, Portuguesa, Gu\u00e1rico, Lara, adem\u00e1s del Distrito Capital y otras entidades.<\/p>\n<p>&nbsp;<\/p>\n<p>&nbsp;<\/p>\n<h6>Ciudad Trujillo<br \/>\nGr\u00e1ficas: DGPG<\/h6>\n","protected":false},"excerpt":{"rendered":"<p>Este domingo, Trujillo vivi\u00f3 nuevamente la pasi\u00f3n por el ciclismo con la 4ta edici\u00f3n del Reto Virgen de la Paz, evento deportivo en el que participaron m\u00e1s de 300 pedalistas.&hellip; <\/p>\n","protected":false},"author":7,"featured_media":50186,"comment_status":"closed","ping_status":"closed","sticky":false,"template":"","format":"standard","meta":{"footnotes":""},"categories":[40],"tags":[],"class_list":["post-50185","post","type-post","status-publish","format-standard","has-post-thumbnail","hentry","category-grantrujillo"],"_links":{"self":[{"href":"https:\/\/ciudadtrujillo.com\/index.php?rest_route=\/wp\/v2\/posts\/50185","targetHints":{"allow":["GET"]}}],"collection":[{"href":"https:\/\/ciudadtrujillo.com\/index.php?rest_route=\/wp\/v2\/posts"}],"about":[{"href":"https:\/\/ciudadtrujillo.com\/index.php?rest_route=\/wp\/v2\/types\/post"}],"author":[{"embeddable":true,"href":"https:\/\/ciudadtrujillo.com\/index.php?rest_route=\/wp\/v2\/users\/7"}],"replies":[{"embeddable":true,"href":"https:\/\/ciudadtrujillo.com\/index.php?rest_route=%2Fwp%2Fv2%2Fcomments&post=50185"}],"version-history":[{"count":1,"href":"https:\/\/ciudadtrujillo.com\/index.php?rest_route=\/wp\/v2\/posts\/50185\/revisions"}],"predecessor-version":[{"id":50187,"href":"https:\/\/ciudadtrujillo.com\/index.php?rest_route=\/wp\/v2\/posts\/50185\/revisions\/50187"}],"wp:featuredmedia":[{"embeddable":true,"href":"https:\/\/ciudadtrujillo.com\/index.php?rest_route=\/wp\/v2\/media\/50186"}],"wp:attachment":[{"href":"https:\/\/ciudadtrujillo.com\/index.php?rest_route=%2Fwp%2Fv2%2Fmedia&parent=50185"}],"wp:term":[{"taxonomy":"category","embeddable":true,"href":"https:\/\/ciudadtrujillo.com\/index.php?rest_route=%2Fwp%2Fv2%2Fcategories&post=50185"},{"taxonomy":"post_tag","embeddable":true,"href":"https:\/\/ciudadtrujillo.com\/index.php?rest_route=%2Fwp%2Fv2%2Ftags&post=50185"}],"curies":[{"name":"wp","href":"https:\/\/api.w.org\/{rel}","templated":true}]}}