{"id":50182,"date":"2026-01-25T17:43:09","date_gmt":"2026-01-25T21:43:09","guid":{"rendered":"https:\/\/ciudadtrujillo.com\/?p=50182"},"modified":"2026-01-25T17:43:09","modified_gmt":"2026-01-25T21:43:09","slug":"delcy-rodriguez-ya-basta-de-ordenes-de-washington-sobre-la-politica-en-venezuela","status":"publish","type":"post","link":"https:\/\/ciudadtrujillo.com\/?p=50182","title":{"rendered":"Delcy Rodr\u00edguez: Ya basta de \u00f3rdenes de Washington sobre la pol\u00edtica en Venezuela"},"content":{"rendered":"<p style=\"text-align: justify;\">La Presidenta encargada, Delcy Rodr\u00edguez, lider\u00f3 un encuentro con m\u00e1s de dos mil trabajadores del sector hidrocarburos, desde la Refiner\u00eda Puerto La Cruz, de Petr\u00f3leos de Venezuela S.A. (PDVSA), ubicada en el estado Anzo\u00e1tegui. Durante la actividad, subray\u00f3 que la prioridad del Gobierno Bolivariano es la defensa de nuestra Patria, \u201cy as\u00ed lo dijimos, vamos cara a cara. Con el Gobierno de los Estados Unidos vamos a resolver nuestras diferencias, nuestras controversias hist\u00f3ricas a trav\u00e9s de la Diplomacia Bolivariana\u201d.<\/p>\n<p style=\"text-align: justify;\">\u200e\u201dVamos con esp\u00edritu de grandeza, de dignidad y de honor. Vamos a la batalla diplom\u00e1tica frente a frente y le hemos dicho: No tenemos miedo, \u00a1Ya basta de las \u00f3rdenes de Washington sobre lo pol\u00edtico en Venezuela! (\u2026) \u00a1Ya basta de potencias extranjeras! Le ha costado muy caro a esta Rep\u00fablica tener que encarar las consecuencias del fascismo, del extremismo\u201d, expres\u00f3.<\/p>\n<p style=\"text-align: justify;\">Asimismo, asegur\u00f3 que Venezuela est\u00e1 dispuesta a hablar en el marco del respeto, pero \u201cquienes busquen el da\u00f1o y el mal, que sean completamente rechazados y separados de la vida nacional de esta patria\u201d.<\/p>\n<p style=\"text-align: justify;\">Finalmente, reiter\u00f3 que quienes \u201chan pedido bloqueos, invasi\u00f3n y que cayeran las bombas sobre nuestro territorio, contra nuestra integridad territorial, no merecen nuestro gentilicio, nuestra identidad y much\u00edsimo menos el reconocimiento del pueblo venezolano.<\/p>\n<p>&nbsp;<\/p>\n<p>&nbsp;<\/p>\n<h6>VTV<\/h6>\n","protected":false},"excerpt":{"rendered":"<p>La Presidenta encargada, Delcy Rodr\u00edguez, lider\u00f3 un encuentro con m\u00e1s de dos mil trabajadores del sector hidrocarburos, desde la Refiner\u00eda Puerto La Cruz, de Petr\u00f3leos de Venezuela S.A. (PDVSA), ubicada&hellip; <\/p>\n","protected":false},"author":7,"featured_media":50183,"comment_status":"closed","ping_status":"closed","sticky":false,"template":"","format":"standard","meta":{"footnotes":""},"categories":[41],"tags":[],"class_list":["post-50182","post","type-post","status-publish","format-standard","has-post-thumbnail","hentry","category-pais"],"_links":{"self":[{"href":"https:\/\/ciudadtrujillo.com\/index.php?rest_route=\/wp\/v2\/posts\/50182","targetHints":{"allow":["GET"]}}],"collection":[{"href":"https:\/\/ciudadtrujillo.com\/index.php?rest_route=\/wp\/v2\/posts"}],"about":[{"href":"https:\/\/ciudadtrujillo.com\/index.php?rest_route=\/wp\/v2\/types\/post"}],"author":[{"embeddable":true,"href":"https:\/\/ciudadtrujillo.com\/index.php?rest_route=\/wp\/v2\/users\/7"}],"replies":[{"embeddable":true,"href":"https:\/\/ciudadtrujillo.com\/index.php?rest_route=%2Fwp%2Fv2%2Fcomments&post=50182"}],"version-history":[{"count":1,"href":"https:\/\/ciudadtrujillo.com\/index.php?rest_route=\/wp\/v2\/posts\/50182\/revisions"}],"predecessor-version":[{"id":50184,"href":"https:\/\/ciudadtrujillo.com\/index.php?rest_route=\/wp\/v2\/posts\/50182\/revisions\/50184"}],"wp:featuredmedia":[{"embeddable":true,"href":"https:\/\/ciudadtrujillo.com\/index.php?rest_route=\/wp\/v2\/media\/50183"}],"wp:attachment":[{"href":"https:\/\/ciudadtrujillo.com\/index.php?rest_route=%2Fwp%2Fv2%2Fmedia&parent=50182"}],"wp:term":[{"taxonomy":"category","embeddable":true,"href":"https:\/\/ciudadtrujillo.com\/index.php?rest_route=%2Fwp%2Fv2%2Fcategories&post=50182"},{"taxonomy":"post_tag","embeddable":true,"href":"https:\/\/ciudadtrujillo.com\/index.php?rest_route=%2Fwp%2Fv2%2Ftags&post=50182"}],"curies":[{"name":"wp","href":"https:\/\/api.w.org\/{rel}","templated":true}]}}