{"id":50166,"date":"2026-01-22T22:44:38","date_gmt":"2026-01-23T02:44:38","guid":{"rendered":"https:\/\/ciudadtrujillo.com\/?p=50166"},"modified":"2026-01-22T22:44:38","modified_gmt":"2026-01-23T02:44:38","slug":"con-sesion-especial-gobierno-bolivariano-exalta-entrega-y-compromiso-de-maestros-trujillanos","status":"publish","type":"post","link":"https:\/\/ciudadtrujillo.com\/?p=50166","title":{"rendered":"Con sesi\u00f3n especial Gobierno Bolivariano exalta entrega y compromiso de maestros trujillanos"},"content":{"rendered":"<p style=\"text-align: justify;\">Este jueves se llev\u00f3 a cabo, desde el Foro Bolivariano de Valera, una Sesi\u00f3n Especial por parte del Consejo Legislativo del estado Trujillo (Clet) en el marco de la conmemoraci\u00f3n del D\u00eda del Maestro, cuya actividad fue propicia para enaltecer la labor incansable y dedicada de las y los forjadores de la educaci\u00f3n en Venezuela.<\/p>\n<p style=\"text-align: justify;\">Al acto asistieron educadores en compa\u00f1\u00eda de directores de gobierno. La Sesi\u00f3n Especial estuvo liderada por la primera combatiente de Trujillo, Reyna P\u00e9rez de M\u00e1rquez; junto al secretario de gobierno, GD. Julio Y\u00e9pez Castro; la autoridad \u00fanica de Educaci\u00f3n, Alexi Brice\u00f1o; la presidenta del Clet, Gioconda Quevedo; y la oradora de orden, profesora Levis Balseiro, docente de aula de la Escuela Sim\u00f3n Bol\u00edvar del municipio Bol\u00edvar.<\/p>\n<p style=\"text-align: justify;\">En este orden de ideas, Balseiro refiri\u00f3 que la docencia venezolana se ha mantenido en pie de lucha por la educaci\u00f3n del Semillero de la Patria.<\/p>\n<p style=\"text-align: justify;\">\u00abMi mensaje es a todos los docentes para que trabajemos juntos y que las riendas de la educaci\u00f3n vayan de la mano de la paz y la uni\u00f3n (&#8230;) continuemos haciendo nuestra labor con amor, dedicaci\u00f3n y esfuerzo, sonri\u00e9ndole siempre a la vida\u00bb, expres\u00f3.<\/p>\n<p style=\"text-align: justify;\">Por su parte el secretario de gobierno, en representaci\u00f3n del gobernador Gerardo M\u00e1rquez, inform\u00f3 que en el acto se realiz\u00f3, adem\u00e1s, la entrega de reconocimientos a un grupo de maestras y maestros por su dedicada labor de los docentes, \u00bb quienes tienen en sus manos la formaci\u00f3n de las futuras generaciones\u00bb.<\/p>\n<p style=\"text-align: justify;\">Al respecto la autoridad \u00fanica de Educaci\u00f3n, resalt\u00f3 que en Trujillo se mantiene el compromiso de seguir forjando la ense\u00f1anza desde las aulas. \u00abReconocemos el trabajo de todos los maestros y maestras que d\u00eda a d\u00eda demuestran su voluntad y amor por la educaci\u00f3n del estudiante y hacen posible que la pol\u00edtica educativa llegue a cada rinc\u00f3n de nuestro estado\u00bb, expres\u00f3.<\/p>\n<p>&nbsp;<\/p>\n<p>&nbsp;<\/p>\n<h6>Yelimar Hidalgo<br \/>\nGr\u00e1ficas: DGPG<\/h6>\n","protected":false},"excerpt":{"rendered":"<p>Este jueves se llev\u00f3 a cabo, desde el Foro Bolivariano de Valera, una Sesi\u00f3n Especial por parte del Consejo Legislativo del estado Trujillo (Clet) en el marco de la conmemoraci\u00f3n&hellip; <\/p>\n","protected":false},"author":7,"featured_media":50167,"comment_status":"closed","ping_status":"closed","sticky":false,"template":"","format":"standard","meta":{"footnotes":""},"categories":[40],"tags":[],"class_list":["post-50166","post","type-post","status-publish","format-standard","has-post-thumbnail","hentry","category-grantrujillo"],"_links":{"self":[{"href":"https:\/\/ciudadtrujillo.com\/index.php?rest_route=\/wp\/v2\/posts\/50166","targetHints":{"allow":["GET"]}}],"collection":[{"href":"https:\/\/ciudadtrujillo.com\/index.php?rest_route=\/wp\/v2\/posts"}],"about":[{"href":"https:\/\/ciudadtrujillo.com\/index.php?rest_route=\/wp\/v2\/types\/post"}],"author":[{"embeddable":true,"href":"https:\/\/ciudadtrujillo.com\/index.php?rest_route=\/wp\/v2\/users\/7"}],"replies":[{"embeddable":true,"href":"https:\/\/ciudadtrujillo.com\/index.php?rest_route=%2Fwp%2Fv2%2Fcomments&post=50166"}],"version-history":[{"count":1,"href":"https:\/\/ciudadtrujillo.com\/index.php?rest_route=\/wp\/v2\/posts\/50166\/revisions"}],"predecessor-version":[{"id":50168,"href":"https:\/\/ciudadtrujillo.com\/index.php?rest_route=\/wp\/v2\/posts\/50166\/revisions\/50168"}],"wp:featuredmedia":[{"embeddable":true,"href":"https:\/\/ciudadtrujillo.com\/index.php?rest_route=\/wp\/v2\/media\/50167"}],"wp:attachment":[{"href":"https:\/\/ciudadtrujillo.com\/index.php?rest_route=%2Fwp%2Fv2%2Fmedia&parent=50166"}],"wp:term":[{"taxonomy":"category","embeddable":true,"href":"https:\/\/ciudadtrujillo.com\/index.php?rest_route=%2Fwp%2Fv2%2Fcategories&post=50166"},{"taxonomy":"post_tag","embeddable":true,"href":"https:\/\/ciudadtrujillo.com\/index.php?rest_route=%2Fwp%2Fv2%2Ftags&post=50166"}],"curies":[{"name":"wp","href":"https:\/\/api.w.org\/{rel}","templated":true}]}}