{"id":50163,"date":"2026-01-22T22:39:15","date_gmt":"2026-01-23T02:39:15","guid":{"rendered":"https:\/\/ciudadtrujillo.com\/?p=50163"},"modified":"2026-01-22T22:39:15","modified_gmt":"2026-01-23T02:39:15","slug":"desarrollan-asamblea-constituyente-estudiantil-en-valera","status":"publish","type":"post","link":"https:\/\/ciudadtrujillo.com\/?p=50163","title":{"rendered":"Desarrollan Asamblea Constituyente Estudiantil en Valera"},"content":{"rendered":"<p style=\"text-align: justify;\">Desde las instalaciones de la Universidad Polit\u00e9cnica Territorial de Trujillo \u201cMario Brice\u00f1o Iragorry\u201d (UPTT) n\u00facleo La Beatriz del municipio Valera, se realiz\u00f3 una Asamblea Constituyente Estudiantil en la que se generaron propuestas para la transformaci\u00f3n profunda y popular del sistema educativo.<\/p>\n<p style=\"text-align: justify;\">La actividad cont\u00f3 con la participaci\u00f3n de la Organizaci\u00f3n de Bienestar Estudiantil (OBE) &#8211; Federaci\u00f3n Venezolana de Estudiantes de Educaci\u00f3n Media (FEVEEM) regional junto a la Federaci\u00f3n Venezolana de Estudiantes Universitarios (FVEU).<\/p>\n<p style=\"text-align: justify;\">De esta manera, se busca refundar el sistema educativo desde sus bases para que responda a las necesidades del pueblo, a fin de que siga siendo democr\u00e1tico, inclusivo y emancipador; articulando la participaci\u00f3n de la comunidad en la construcci\u00f3n de un modelo que garantice una educaci\u00f3n integral, de calidad y con pertinencia nacional, alineada con fines sociales y de desarrollo.<\/p>\n<p>&nbsp;<\/p>\n<p>&nbsp;<\/p>\n<h6>Prensa Educaci\u00f3n<\/h6>\n","protected":false},"excerpt":{"rendered":"<p>Desde las instalaciones de la Universidad Polit\u00e9cnica Territorial de Trujillo \u201cMario Brice\u00f1o Iragorry\u201d (UPTT) n\u00facleo La Beatriz del municipio Valera, se realiz\u00f3 una Asamblea Constituyente Estudiantil en la que se&hellip; <\/p>\n","protected":false},"author":7,"featured_media":50164,"comment_status":"closed","ping_status":"closed","sticky":false,"template":"","format":"standard","meta":{"footnotes":""},"categories":[40],"tags":[],"class_list":["post-50163","post","type-post","status-publish","format-standard","has-post-thumbnail","hentry","category-grantrujillo"],"_links":{"self":[{"href":"https:\/\/ciudadtrujillo.com\/index.php?rest_route=\/wp\/v2\/posts\/50163","targetHints":{"allow":["GET"]}}],"collection":[{"href":"https:\/\/ciudadtrujillo.com\/index.php?rest_route=\/wp\/v2\/posts"}],"about":[{"href":"https:\/\/ciudadtrujillo.com\/index.php?rest_route=\/wp\/v2\/types\/post"}],"author":[{"embeddable":true,"href":"https:\/\/ciudadtrujillo.com\/index.php?rest_route=\/wp\/v2\/users\/7"}],"replies":[{"embeddable":true,"href":"https:\/\/ciudadtrujillo.com\/index.php?rest_route=%2Fwp%2Fv2%2Fcomments&post=50163"}],"version-history":[{"count":1,"href":"https:\/\/ciudadtrujillo.com\/index.php?rest_route=\/wp\/v2\/posts\/50163\/revisions"}],"predecessor-version":[{"id":50165,"href":"https:\/\/ciudadtrujillo.com\/index.php?rest_route=\/wp\/v2\/posts\/50163\/revisions\/50165"}],"wp:featuredmedia":[{"embeddable":true,"href":"https:\/\/ciudadtrujillo.com\/index.php?rest_route=\/wp\/v2\/media\/50164"}],"wp:attachment":[{"href":"https:\/\/ciudadtrujillo.com\/index.php?rest_route=%2Fwp%2Fv2%2Fmedia&parent=50163"}],"wp:term":[{"taxonomy":"category","embeddable":true,"href":"https:\/\/ciudadtrujillo.com\/index.php?rest_route=%2Fwp%2Fv2%2Fcategories&post=50163"},{"taxonomy":"post_tag","embeddable":true,"href":"https:\/\/ciudadtrujillo.com\/index.php?rest_route=%2Fwp%2Fv2%2Ftags&post=50163"}],"curies":[{"name":"wp","href":"https:\/\/api.w.org\/{rel}","templated":true}]}}