{"id":50160,"date":"2026-01-22T22:37:20","date_gmt":"2026-01-23T02:37:20","guid":{"rendered":"https:\/\/ciudadtrujillo.com\/?p=50160"},"modified":"2026-01-22T22:37:20","modified_gmt":"2026-01-23T02:37:20","slug":"trujillo-se-une-en-fe-para-festejar-a-la-virgen-de-la-paz-en-sus-456-anos","status":"publish","type":"post","link":"https:\/\/ciudadtrujillo.com\/?p=50160","title":{"rendered":"Trujillo se une en fe para festejar a la Virgen de la Paz en sus 456 a\u00f1os"},"content":{"rendered":"<p style=\"text-align: justify;\">Cada 24 de enero el estado Trujillo se une con fervor apost\u00f3lico para rendir homenaje a su Santa Patrona la Virgen de la Paz. Esta festividad, que ha trascendido de generaci\u00f3n en generaci\u00f3n, representa un momento de profunda alegr\u00eda para los trujillanos. Este a\u00f1o, la celebraci\u00f3n se desarrolla bajo el lema: \u201cComo Mar\u00eda, \u00a1digamos s\u00ed al llamado a la Santidad!\u201d.<\/p>\n<p style=\"text-align: justify;\">Los fieles se preparan con entusiasmo para vivir una jornada marcada por la devoci\u00f3n mariana en las actividades previstas para esta tradicional celebraci\u00f3n que cumple 456 a\u00f1os.<\/p>\n<p style=\"text-align: justify;\">La programaci\u00f3n comenzar\u00e1 con el repique de campanas a las 06:00 am, que resuenan en cada templo parroquial para convocar a toda la feligresia a festejar a su Excelsa Patrona. Posteriormente, los devotos se congregar\u00e1n en el parque La Trujillanidad para dar inicio a la procesi\u00f3n diocesana, custodiando de esta manera la venerable imagen en un ambiente de oraci\u00f3n y fraternidad.<\/p>\n<p style=\"text-align: justify;\">La Misa Solemne presidida por el obispo de Trujillo, Mons. Jos\u00e9 Trinidad Fern\u00e1ndez, en la Catedral Nuestra Se\u00f1ora de la Paz, reuniendo a miles de personas, quienes saldr\u00e1n en procesi\u00f3n alrededor de la Plaza Bol\u00edvar. Luego la Hora Santa a las 3:30 pm y finalmente a las 05:00 pm la Eucarist\u00eda en honor a la Santa Patrona y la multitudinaria procesi\u00f3n con las im\u00e1genes de la Virgen de la Paz y San Jos\u00e9 Gregorio Hern\u00e1ndez por las calles principales de la capital.<\/p>\n<p>&nbsp;<\/p>\n<p>&nbsp;<\/p>\n<h6>Ciudad Trujillo<br \/>\nGr\u00e1fica: Cortes\u00eda<\/h6>\n","protected":false},"excerpt":{"rendered":"<p>Cada 24 de enero el estado Trujillo se une con fervor apost\u00f3lico para rendir homenaje a su Santa Patrona la Virgen de la Paz. Esta festividad, que ha trascendido de&hellip; <\/p>\n","protected":false},"author":7,"featured_media":50161,"comment_status":"closed","ping_status":"closed","sticky":false,"template":"","format":"standard","meta":{"footnotes":""},"categories":[40],"tags":[],"class_list":["post-50160","post","type-post","status-publish","format-standard","has-post-thumbnail","hentry","category-grantrujillo"],"_links":{"self":[{"href":"https:\/\/ciudadtrujillo.com\/index.php?rest_route=\/wp\/v2\/posts\/50160","targetHints":{"allow":["GET"]}}],"collection":[{"href":"https:\/\/ciudadtrujillo.com\/index.php?rest_route=\/wp\/v2\/posts"}],"about":[{"href":"https:\/\/ciudadtrujillo.com\/index.php?rest_route=\/wp\/v2\/types\/post"}],"author":[{"embeddable":true,"href":"https:\/\/ciudadtrujillo.com\/index.php?rest_route=\/wp\/v2\/users\/7"}],"replies":[{"embeddable":true,"href":"https:\/\/ciudadtrujillo.com\/index.php?rest_route=%2Fwp%2Fv2%2Fcomments&post=50160"}],"version-history":[{"count":1,"href":"https:\/\/ciudadtrujillo.com\/index.php?rest_route=\/wp\/v2\/posts\/50160\/revisions"}],"predecessor-version":[{"id":50162,"href":"https:\/\/ciudadtrujillo.com\/index.php?rest_route=\/wp\/v2\/posts\/50160\/revisions\/50162"}],"wp:featuredmedia":[{"embeddable":true,"href":"https:\/\/ciudadtrujillo.com\/index.php?rest_route=\/wp\/v2\/media\/50161"}],"wp:attachment":[{"href":"https:\/\/ciudadtrujillo.com\/index.php?rest_route=%2Fwp%2Fv2%2Fmedia&parent=50160"}],"wp:term":[{"taxonomy":"category","embeddable":true,"href":"https:\/\/ciudadtrujillo.com\/index.php?rest_route=%2Fwp%2Fv2%2Fcategories&post=50160"},{"taxonomy":"post_tag","embeddable":true,"href":"https:\/\/ciudadtrujillo.com\/index.php?rest_route=%2Fwp%2Fv2%2Ftags&post=50160"}],"curies":[{"name":"wp","href":"https:\/\/api.w.org\/{rel}","templated":true}]}}