{"id":50157,"date":"2026-01-22T22:35:33","date_gmt":"2026-01-23T02:35:33","guid":{"rendered":"https:\/\/ciudadtrujillo.com\/?p=50157"},"modified":"2026-01-22T22:35:33","modified_gmt":"2026-01-23T02:35:33","slug":"indet-respalda-al-nuevo-equipo-de-ciclismo-menor-y-juvenil-del-estado","status":"publish","type":"post","link":"https:\/\/ciudadtrujillo.com\/?p=50157","title":{"rendered":"INDET respalda al nuevo equipo de ciclismo menor y juvenil del estado"},"content":{"rendered":"<p style=\"text-align: justify;\">El presidente del Instituto de Deportes de Trujillo, Jes\u00fas \u00abTrompo\u00bb Gonz\u00e1lez, anunci\u00f3 el respaldo total al nuevo equipo de ciclismo menor y juvenil de la entidad.<\/p>\n<p style=\"text-align: justify;\">La direcci\u00f3n t\u00e9cnica estar\u00e1 a cargo de las glorias deportivas Arsenio Navas, Daniel Medina y Nelson Cabrera Jr., adem\u00e1s contar\u00e1n con el apoyo de la Asociaci\u00f3n Trujillana de Ciclismo.<\/p>\n<p style=\"text-align: justify;\">Lograr la clasificaci\u00f3n en los pr\u00f3ximos juegos regionales y nacionales juveniles de este a\u00f1o es el objetivo principal de los ciclistas.<\/p>\n<p>&nbsp;<\/p>\n<p>&nbsp;<\/p>\n<h6>Ciudad Trujillo<\/h6>\n","protected":false},"excerpt":{"rendered":"<p>El presidente del Instituto de Deportes de Trujillo, Jes\u00fas \u00abTrompo\u00bb Gonz\u00e1lez, anunci\u00f3 el respaldo total al nuevo equipo de ciclismo menor y juvenil de la entidad. La direcci\u00f3n t\u00e9cnica estar\u00e1&hellip; <\/p>\n","protected":false},"author":7,"featured_media":50158,"comment_status":"closed","ping_status":"closed","sticky":false,"template":"","format":"standard","meta":{"footnotes":""},"categories":[40],"tags":[],"class_list":["post-50157","post","type-post","status-publish","format-standard","has-post-thumbnail","hentry","category-grantrujillo"],"_links":{"self":[{"href":"https:\/\/ciudadtrujillo.com\/index.php?rest_route=\/wp\/v2\/posts\/50157","targetHints":{"allow":["GET"]}}],"collection":[{"href":"https:\/\/ciudadtrujillo.com\/index.php?rest_route=\/wp\/v2\/posts"}],"about":[{"href":"https:\/\/ciudadtrujillo.com\/index.php?rest_route=\/wp\/v2\/types\/post"}],"author":[{"embeddable":true,"href":"https:\/\/ciudadtrujillo.com\/index.php?rest_route=\/wp\/v2\/users\/7"}],"replies":[{"embeddable":true,"href":"https:\/\/ciudadtrujillo.com\/index.php?rest_route=%2Fwp%2Fv2%2Fcomments&post=50157"}],"version-history":[{"count":1,"href":"https:\/\/ciudadtrujillo.com\/index.php?rest_route=\/wp\/v2\/posts\/50157\/revisions"}],"predecessor-version":[{"id":50159,"href":"https:\/\/ciudadtrujillo.com\/index.php?rest_route=\/wp\/v2\/posts\/50157\/revisions\/50159"}],"wp:featuredmedia":[{"embeddable":true,"href":"https:\/\/ciudadtrujillo.com\/index.php?rest_route=\/wp\/v2\/media\/50158"}],"wp:attachment":[{"href":"https:\/\/ciudadtrujillo.com\/index.php?rest_route=%2Fwp%2Fv2%2Fmedia&parent=50157"}],"wp:term":[{"taxonomy":"category","embeddable":true,"href":"https:\/\/ciudadtrujillo.com\/index.php?rest_route=%2Fwp%2Fv2%2Fcategories&post=50157"},{"taxonomy":"post_tag","embeddable":true,"href":"https:\/\/ciudadtrujillo.com\/index.php?rest_route=%2Fwp%2Fv2%2Ftags&post=50157"}],"curies":[{"name":"wp","href":"https:\/\/api.w.org\/{rel}","templated":true}]}}