{"id":50151,"date":"2026-01-22T22:29:29","date_gmt":"2026-01-23T02:29:29","guid":{"rendered":"https:\/\/ciudadtrujillo.com\/?p=50151"},"modified":"2026-01-22T23:10:55","modified_gmt":"2026-01-23T03:10:55","slug":"a-68-anos-de-la-insurreccion-popular-del-23-de-enero","status":"publish","type":"post","link":"https:\/\/ciudadtrujillo.com\/?p=50151","title":{"rendered":"A 68 a\u00f1os de la Insurrecci\u00f3n Popular del 23 de enero"},"content":{"rendered":"<p style=\"text-align: justify;\">El 23 de enero de 1958 marc\u00f3 el inicio de una nueva etapa en la historia venezolana con la insurrecci\u00f3n c\u00edvico-militar que no solo signific\u00f3 el fin de una dictadura, sino tambi\u00e9n fue un llamado a la lucha por la justicia social y la democracia.<br \/>\nVenezuela conmemora viernes el aniversario 68 de la Insurrecci\u00f3n Popular de 1958, un hito hist\u00f3rico que marc\u00f3 el fin de la dictadura del general Marcos P\u00e9rez Jim\u00e9nez y abri\u00f3 camino a la lucha por la democracia y la soberan\u00eda nacional.<\/p>\n<p style=\"text-align: justify;\">En esta fecha se recuerda la valent\u00eda de figuras emblem\u00e1ticas como Fabricio Ojeda y los m\u00e1rtires que protagonizaron la rebeli\u00f3n c\u00edvico militar. El Comandante Hugo Ch\u00e1vez defini\u00f3 a Fabricio Ojeda como un l\u00edder fundamental de aquella \u00e9poca, al liderar \u201cla rebeli\u00f3n militar que despert\u00f3 a los hombres y mujeres que tomaron el fusil y se fueron a las monta\u00f1as a luchar contra la dictadura de Betancourt, de Leoni, de Caldera\u201d.<\/p>\n<h6 style=\"text-align: justify;\">TELESUR<br \/>\nGr\u00e1ficas: Referencial<\/h6>\n","protected":false},"excerpt":{"rendered":"<p>El 23 de enero de 1958 marc\u00f3 el inicio de una nueva etapa en la historia venezolana con la insurrecci\u00f3n c\u00edvico-militar que no solo signific\u00f3 el fin de una dictadura,&hellip; <\/p>\n","protected":false},"author":7,"featured_media":50152,"comment_status":"closed","ping_status":"closed","sticky":false,"template":"","format":"standard","meta":{"footnotes":""},"categories":[41],"tags":[],"class_list":["post-50151","post","type-post","status-publish","format-standard","has-post-thumbnail","hentry","category-pais"],"_links":{"self":[{"href":"https:\/\/ciudadtrujillo.com\/index.php?rest_route=\/wp\/v2\/posts\/50151","targetHints":{"allow":["GET"]}}],"collection":[{"href":"https:\/\/ciudadtrujillo.com\/index.php?rest_route=\/wp\/v2\/posts"}],"about":[{"href":"https:\/\/ciudadtrujillo.com\/index.php?rest_route=\/wp\/v2\/types\/post"}],"author":[{"embeddable":true,"href":"https:\/\/ciudadtrujillo.com\/index.php?rest_route=\/wp\/v2\/users\/7"}],"replies":[{"embeddable":true,"href":"https:\/\/ciudadtrujillo.com\/index.php?rest_route=%2Fwp%2Fv2%2Fcomments&post=50151"}],"version-history":[{"count":4,"href":"https:\/\/ciudadtrujillo.com\/index.php?rest_route=\/wp\/v2\/posts\/50151\/revisions"}],"predecessor-version":[{"id":50172,"href":"https:\/\/ciudadtrujillo.com\/index.php?rest_route=\/wp\/v2\/posts\/50151\/revisions\/50172"}],"wp:featuredmedia":[{"embeddable":true,"href":"https:\/\/ciudadtrujillo.com\/index.php?rest_route=\/wp\/v2\/media\/50152"}],"wp:attachment":[{"href":"https:\/\/ciudadtrujillo.com\/index.php?rest_route=%2Fwp%2Fv2%2Fmedia&parent=50151"}],"wp:term":[{"taxonomy":"category","embeddable":true,"href":"https:\/\/ciudadtrujillo.com\/index.php?rest_route=%2Fwp%2Fv2%2Fcategories&post=50151"},{"taxonomy":"post_tag","embeddable":true,"href":"https:\/\/ciudadtrujillo.com\/index.php?rest_route=%2Fwp%2Fv2%2Ftags&post=50151"}],"curies":[{"name":"wp","href":"https:\/\/api.w.org\/{rel}","templated":true}]}}