{"id":50141,"date":"2026-01-21T21:43:06","date_gmt":"2026-01-22T01:43:06","guid":{"rendered":"https:\/\/ciudadtrujillo.com\/?p=50141"},"modified":"2026-01-21T21:43:06","modified_gmt":"2026-01-22T01:43:06","slug":"consolidaran-programa-reto-admirable-2026-impulsado-por-el-presidente-maduro","status":"publish","type":"post","link":"https:\/\/ciudadtrujillo.com\/?p=50141","title":{"rendered":"Consolidar\u00e1n Programa Reto Admirable 2026 impulsado por el Presidente Maduro"},"content":{"rendered":"<div dir=\"auto\">\u201cNuestro programa econ\u00f3mico que es el programa del Presidente Nicol\u00e1s Maduro, lo vamos a consolidar este a\u00f1o 2026, \u00e9l le puso un nombre: Reto Admirable 2026, reto admirado para \u00e9l y para nosotros\u201d, anunci\u00f3 este mi\u00e9rcoles la Presidenta encargada, Delcy Rodr\u00edguez, al dejar instalado el primer Consejo Federal de Gobierno del a\u00f1o, junto a titulares de las gobernaciones y altas autoridades nacionales, regionales y locales.<\/div>\n<div dir=\"auto\"><\/div>\n<div dir=\"auto\">Desde la Plaza Bicentenario del Palacio Presidencial de Miraflores, en Caracas, la alta funcionaria del Estado venezolano confirm\u00f3 que el a\u00f1o 2025 fue muy bueno para el pa\u00eds, desde el punto de vista econ\u00f3mico, pol\u00edtico y social, gracias a que comenz\u00f3 el proceso de curar heridas de la guerra econ\u00f3mica. \u201cY nosotros aspiramos que el a\u00f1o 2026 sea a\u00fan mejor, sabemos que va a ser as\u00ed y que nosotros podamos lograr el rescate del presidente y de la primera combatiente, que son objetivos para este a\u00f1o 2026\u201d, recalc\u00f3.<\/div>\n<div dir=\"auto\"><\/div>\n<div dir=\"auto\">Incremento de 37 % en divisas<\/div>\n<div dir=\"auto\"><\/div>\n<div dir=\"auto\">Delcy Rodr\u00edguez ofreci\u00f3 n\u00fameros econ\u00f3micos como buenas noticias para las autoridades regionales, al dar a conocer que en 2026 se incrementar\u00e1n los recursos expresados en divisa en un 37 %. \u201cUstedes van a tener m\u00e1s recursos para su gesti\u00f3n que s\u00e9 que lo necesitan\u201d.<\/div>\n<div dir=\"auto\"><\/div>\n<div dir=\"auto\">Record\u00f3 que se han creado dos fondos soberanos para que los recursos que ingresen de nuevas inversiones energ\u00e9ticas y petroleras en Venezuela vayan al primero, para la protecci\u00f3n social y mejorar ingresos a los trabajadores, para la salud, vivienda, alimentaci\u00f3n y educaci\u00f3n. El segundo fondo soberano es para servicios p\u00fablicos, infraestructura, agua, electricidad y vialidad.<\/div>\n<div dir=\"auto\"><\/div>\n<div dir=\"auto\">\u201cPero tambi\u00e9n el Consejo Federal de Gobierno y las regiones van a tener mejores ingresos para poder afrontar la gesti\u00f3n, ustedes est\u00e1n all\u00ed en el territorio y que puedan, junto al gabinete nacional, coordinar acciones comunes para atender los desaf\u00edos m\u00e1s importantes de nuestro pueblo\u201d.<\/div>\n<div dir=\"auto\"><\/div>\n<div dir=\"auto\">Inst\u00f3 a todos y todas a trabajar de buena fe, y de manera mancomunada para afrontar el da\u00f1o que han dejado el bloqueo y los ataques contra el pa\u00eds.<\/div>\n<div dir=\"auto\"><\/div>\n<div dir=\"auto\">Asever\u00f3 que el Ejecutivo Nacional siempre informar\u00e1 todo en materia presupuestaria, y todo ser\u00e1 afrontado con dignidad. \u201cAqu\u00ed nadie puede decir que ha habido secretismo ni nada, no, en los peores momentos lo hemos informado al pa\u00eds, el presidente Maduro lo inform\u00f3 sobre lo que signific\u00f3 la ca\u00edda del 99 % de nuestros ingresos en divisas y llegamos al a\u00f1o 2026, con 19 trimestres consecutivos de crecimiento econ\u00f3mico, liderando el crecimiento en Suram\u00e9rica y en Am\u00e9rica Latina, con el esfuerzo de los venezolanos y de las venezolanas, con la uni\u00f3n productiva\u201d, finaliz\u00f3.<\/div>\n<div dir=\"auto\"><\/div>\n<div dir=\"auto\">\n<div dir=\"auto\"><\/div>\n<h6 dir=\"auto\"><\/h6>\n<h6 dir=\"auto\"><em>VTV\u00a0<\/em><\/h6>\n<div dir=\"auto\"><\/div>\n<div dir=\"auto\"><\/div>\n<\/div>\n","protected":false},"excerpt":{"rendered":"<p>\u201cNuestro programa econ\u00f3mico que es el programa del Presidente Nicol\u00e1s Maduro, lo vamos a consolidar este a\u00f1o 2026, \u00e9l le puso un nombre: Reto Admirable 2026, reto admirado para \u00e9l&hellip; <\/p>\n","protected":false},"author":7,"featured_media":50142,"comment_status":"closed","ping_status":"closed","sticky":false,"template":"","format":"standard","meta":{"footnotes":""},"categories":[41],"tags":[],"class_list":["post-50141","post","type-post","status-publish","format-standard","has-post-thumbnail","hentry","category-pais"],"_links":{"self":[{"href":"https:\/\/ciudadtrujillo.com\/index.php?rest_route=\/wp\/v2\/posts\/50141","targetHints":{"allow":["GET"]}}],"collection":[{"href":"https:\/\/ciudadtrujillo.com\/index.php?rest_route=\/wp\/v2\/posts"}],"about":[{"href":"https:\/\/ciudadtrujillo.com\/index.php?rest_route=\/wp\/v2\/types\/post"}],"author":[{"embeddable":true,"href":"https:\/\/ciudadtrujillo.com\/index.php?rest_route=\/wp\/v2\/users\/7"}],"replies":[{"embeddable":true,"href":"https:\/\/ciudadtrujillo.com\/index.php?rest_route=%2Fwp%2Fv2%2Fcomments&post=50141"}],"version-history":[{"count":1,"href":"https:\/\/ciudadtrujillo.com\/index.php?rest_route=\/wp\/v2\/posts\/50141\/revisions"}],"predecessor-version":[{"id":50143,"href":"https:\/\/ciudadtrujillo.com\/index.php?rest_route=\/wp\/v2\/posts\/50141\/revisions\/50143"}],"wp:featuredmedia":[{"embeddable":true,"href":"https:\/\/ciudadtrujillo.com\/index.php?rest_route=\/wp\/v2\/media\/50142"}],"wp:attachment":[{"href":"https:\/\/ciudadtrujillo.com\/index.php?rest_route=%2Fwp%2Fv2%2Fmedia&parent=50141"}],"wp:term":[{"taxonomy":"category","embeddable":true,"href":"https:\/\/ciudadtrujillo.com\/index.php?rest_route=%2Fwp%2Fv2%2Fcategories&post=50141"},{"taxonomy":"post_tag","embeddable":true,"href":"https:\/\/ciudadtrujillo.com\/index.php?rest_route=%2Fwp%2Fv2%2Ftags&post=50141"}],"curies":[{"name":"wp","href":"https:\/\/api.w.org\/{rel}","templated":true}]}}