{"id":50137,"date":"2026-01-21T21:34:52","date_gmt":"2026-01-22T01:34:52","guid":{"rendered":"https:\/\/ciudadtrujillo.com\/?p=50137"},"modified":"2026-01-21T21:34:52","modified_gmt":"2026-01-22T01:34:52","slug":"encuentro-nacional-de-economia-comunal-se-llevara-a-cabo-el-4-de-febrero","status":"publish","type":"post","link":"https:\/\/ciudadtrujillo.com\/?p=50137","title":{"rendered":"Encuentro Nacional de Econom\u00eda Comunal se llevar\u00e1 a cabo el 4 de febrero\u00a0"},"content":{"rendered":"<div dir=\"auto\">\n<div dir=\"auto\">La presidenta encargada de la Rep\u00fablica, Delcy Rodr\u00edguez, ratific\u00f3 que el pr\u00f3ximo mi\u00e9rcoles 04 de febrero se celebrar\u00e1 el gran Encuentro Nacional de la Econom\u00eda Comunal, tal como lo instruy\u00f3 el Mandatario Nacional, Nicol\u00e1s Maduro.<\/div>\n<div dir=\"auto\"><\/div>\n<div dir=\"auto\">En ese sentido, resalt\u00f3 que el presidente de la Rep\u00fablica, Nicol\u00e1s Maduro \u00abfij\u00f3 un d\u00eda, el 04 de febrero de 2026 para este gran encuentro, entonces, todos preparados, todas las Comunas y los Consejos Comunales deben irse preparando este gran evento\u00bb.<\/div>\n<div dir=\"auto\"><\/div>\n<div dir=\"auto\">Record\u00f3 que se trabaja en el Mapa de la Econom\u00eda Comunal, que \u00abpermita el encadenamiento econ\u00f3mico de todas las comunas en el pa\u00eds\u00bb.<\/div>\n<div dir=\"auto\"><\/div>\n<div dir=\"auto\">\u00abQue nos permita dibujar perfectamente el mapa nacional en el territorio, entre los estados, de la econom\u00eda comunal para garantizar pleno abastecimiento al Pueblo de Venezuela\u00bb, asegur\u00f3 en el sector El Encanto, en la parroquia La Vega, Caracas, donde lider\u00f3 una jornada de atenci\u00f3n social en la Base de Misiones Socialistas Hugo Salas.<\/div>\n<\/div>\n<div dir=\"auto\">\n<p>&nbsp;<\/p>\n<div dir=\"auto\">\n<div dir=\"auto\"><\/div>\n<div dir=\"auto\"><strong><em>Con el mazo dando\u00a0<\/em><\/strong><\/div>\n<\/div>\n<\/div>\n","protected":false},"excerpt":{"rendered":"<p>La presidenta encargada de la Rep\u00fablica, Delcy Rodr\u00edguez, ratific\u00f3 que el pr\u00f3ximo mi\u00e9rcoles 04 de febrero se celebrar\u00e1 el gran Encuentro Nacional de la Econom\u00eda Comunal, tal como lo instruy\u00f3&hellip; <\/p>\n","protected":false},"author":7,"featured_media":50138,"comment_status":"closed","ping_status":"closed","sticky":false,"template":"","format":"standard","meta":{"footnotes":""},"categories":[41],"tags":[],"class_list":["post-50137","post","type-post","status-publish","format-standard","has-post-thumbnail","hentry","category-pais"],"_links":{"self":[{"href":"https:\/\/ciudadtrujillo.com\/index.php?rest_route=\/wp\/v2\/posts\/50137","targetHints":{"allow":["GET"]}}],"collection":[{"href":"https:\/\/ciudadtrujillo.com\/index.php?rest_route=\/wp\/v2\/posts"}],"about":[{"href":"https:\/\/ciudadtrujillo.com\/index.php?rest_route=\/wp\/v2\/types\/post"}],"author":[{"embeddable":true,"href":"https:\/\/ciudadtrujillo.com\/index.php?rest_route=\/wp\/v2\/users\/7"}],"replies":[{"embeddable":true,"href":"https:\/\/ciudadtrujillo.com\/index.php?rest_route=%2Fwp%2Fv2%2Fcomments&post=50137"}],"version-history":[{"count":2,"href":"https:\/\/ciudadtrujillo.com\/index.php?rest_route=\/wp\/v2\/posts\/50137\/revisions"}],"predecessor-version":[{"id":50140,"href":"https:\/\/ciudadtrujillo.com\/index.php?rest_route=\/wp\/v2\/posts\/50137\/revisions\/50140"}],"wp:featuredmedia":[{"embeddable":true,"href":"https:\/\/ciudadtrujillo.com\/index.php?rest_route=\/wp\/v2\/media\/50138"}],"wp:attachment":[{"href":"https:\/\/ciudadtrujillo.com\/index.php?rest_route=%2Fwp%2Fv2%2Fmedia&parent=50137"}],"wp:term":[{"taxonomy":"category","embeddable":true,"href":"https:\/\/ciudadtrujillo.com\/index.php?rest_route=%2Fwp%2Fv2%2Fcategories&post=50137"},{"taxonomy":"post_tag","embeddable":true,"href":"https:\/\/ciudadtrujillo.com\/index.php?rest_route=%2Fwp%2Fv2%2Ftags&post=50137"}],"curies":[{"name":"wp","href":"https:\/\/api.w.org\/{rel}","templated":true}]}}