{"id":50134,"date":"2026-01-21T21:31:14","date_gmt":"2026-01-22T01:31:14","guid":{"rendered":"https:\/\/ciudadtrujillo.com\/?p=50134"},"modified":"2026-01-21T21:31:14","modified_gmt":"2026-01-22T01:31:14","slug":"delegacion-trujillana-participa-en-segundo-congreso-nacional-de-pediatria-2026","status":"publish","type":"post","link":"https:\/\/ciudadtrujillo.com\/?p=50134","title":{"rendered":"Delegaci\u00f3n trujillana participa en segundo Congreso Nacional de Pediatr\u00eda 2026"},"content":{"rendered":"<div dir=\"auto\">\n<div dir=\"auto\">\n<div dir=\"auto\">En aras de lograr la excelencia cient\u00edfica y acad\u00e9mica para la atenci\u00f3n p\u00fablica, una delegaci\u00f3n trujillana de al menos 10 m\u00e9dicos emprendieron viaje a la ciudad de Caracas, para participar durante los d\u00edas 20,21 y 22 en el 2\u00b0 Congreso Nacional de Pediatr\u00eda 2026, en el cual se impartir\u00e1n conocimientos en 80 ponencias, en cuanto a estrategias actualizadas para la atenci\u00f3n integral de la salud infantil. Actividad que se desarrolla en tres salas en simult\u00e1neo, con jornadas de ma\u00f1ana y tarde, adem\u00e1s de sesiones intermedias.<\/div>\n<div dir=\"auto\"><\/div>\n<div dir=\"auto\">Dicha delegaci\u00f3n est\u00e1 conformada por el m\u00e9dico pediatra; Dr. Gustavo Reyes, quien este mi\u00e9rcoles tuvo la oportunidad de dictar una ponencia sobre servicios no m\u00e9dicos en la hospitalizaci\u00f3n pedi\u00e1trica, junto a \u00e9l viajaron los m\u00e9dicos residentes de pediatr\u00eda y m\u00e9dicos art\u00edculos 8; Rosmely M\u00e1rquez, Rosmary Brice\u00f1o, Alexander Torres, Jos\u00e9 Montilla, G\u00e9nesis Romero, Onerly Andrade, Stefany Brice\u00f1o, Dr. Carla Viloria y Dra. Rosa Molina.<\/div>\n<div dir=\"auto\"><\/div>\n<div dir=\"auto\">Cabe destacar, que este congreso es iniciativa del Ministerio del Poder Popular para la Salud (Minsalud), como estrategia para que los profesionales en dicha \u00e1rea de salud eleven sus est\u00e1ndares de atenci\u00f3n en ni\u00f1os, ni\u00f1as y adolescentes venezolanos.<\/div>\n<\/div>\n<\/div>\n<div class=\"yj6qo\">\n<div dir=\"auto\"><strong><em>Prensa regional Minsalud<\/em><\/strong><\/div>\n<div dir=\"auto\">\n<div dir=\"auto\"><\/div>\n<\/div>\n<\/div>\n","protected":false},"excerpt":{"rendered":"<p>En aras de lograr la excelencia cient\u00edfica y acad\u00e9mica para la atenci\u00f3n p\u00fablica, una delegaci\u00f3n trujillana de al menos 10 m\u00e9dicos emprendieron viaje a la ciudad de Caracas, para participar&hellip; <\/p>\n","protected":false},"author":7,"featured_media":50135,"comment_status":"closed","ping_status":"closed","sticky":false,"template":"","format":"standard","meta":{"footnotes":""},"categories":[40],"tags":[],"class_list":["post-50134","post","type-post","status-publish","format-standard","has-post-thumbnail","hentry","category-grantrujillo"],"_links":{"self":[{"href":"https:\/\/ciudadtrujillo.com\/index.php?rest_route=\/wp\/v2\/posts\/50134","targetHints":{"allow":["GET"]}}],"collection":[{"href":"https:\/\/ciudadtrujillo.com\/index.php?rest_route=\/wp\/v2\/posts"}],"about":[{"href":"https:\/\/ciudadtrujillo.com\/index.php?rest_route=\/wp\/v2\/types\/post"}],"author":[{"embeddable":true,"href":"https:\/\/ciudadtrujillo.com\/index.php?rest_route=\/wp\/v2\/users\/7"}],"replies":[{"embeddable":true,"href":"https:\/\/ciudadtrujillo.com\/index.php?rest_route=%2Fwp%2Fv2%2Fcomments&post=50134"}],"version-history":[{"count":1,"href":"https:\/\/ciudadtrujillo.com\/index.php?rest_route=\/wp\/v2\/posts\/50134\/revisions"}],"predecessor-version":[{"id":50136,"href":"https:\/\/ciudadtrujillo.com\/index.php?rest_route=\/wp\/v2\/posts\/50134\/revisions\/50136"}],"wp:featuredmedia":[{"embeddable":true,"href":"https:\/\/ciudadtrujillo.com\/index.php?rest_route=\/wp\/v2\/media\/50135"}],"wp:attachment":[{"href":"https:\/\/ciudadtrujillo.com\/index.php?rest_route=%2Fwp%2Fv2%2Fmedia&parent=50134"}],"wp:term":[{"taxonomy":"category","embeddable":true,"href":"https:\/\/ciudadtrujillo.com\/index.php?rest_route=%2Fwp%2Fv2%2Fcategories&post=50134"},{"taxonomy":"post_tag","embeddable":true,"href":"https:\/\/ciudadtrujillo.com\/index.php?rest_route=%2Fwp%2Fv2%2Ftags&post=50134"}],"curies":[{"name":"wp","href":"https:\/\/api.w.org\/{rel}","templated":true}]}}