{"id":50128,"date":"2026-01-21T21:24:13","date_gmt":"2026-01-22T01:24:13","guid":{"rendered":"https:\/\/ciudadtrujillo.com\/?p=50128"},"modified":"2026-01-21T21:24:13","modified_gmt":"2026-01-22T01:24:13","slug":"realizan-consejo-de-ministros-para-el-desarrollo-economico-del-pais","status":"publish","type":"post","link":"https:\/\/ciudadtrujillo.com\/?p=50128","title":{"rendered":"Realizan Consejo de Ministros para el desarrollo econ\u00f3mico del pa\u00eds"},"content":{"rendered":"<p>Este mi\u00e9rcoles se llev\u00f3 a cabo en el Palacio de Miraflores el Consejo de Ministros, n\u00famero 758, encabezado por la presidenta encargada de la Rep\u00fablica Bolivariana de Venezuela, Delcy Rodr\u00edguez G\u00f3mez, en el que particip\u00f3 el gabinete ministerial y los vicepresidentes sectoriales a fin de abordar temas prioritarios para el desarrollo econ\u00f3mico del pa\u00eds y garantizar la paz del pueblo venezolano.<\/p>\n<p>Este encuentro es el segundo que se realiza en este inicio de a\u00f1o, tras los hechos acaecidos el pasado 3 de enero, con el objetivo de establecer nuevas estrategias para enfrentar los desaf\u00edos actuales e incorporar a las nuevas autoridades designadas.<\/p>\n<p>La Mandataria Nacional (e) recientemente anunci\u00f3 la creaci\u00f3n dos fondos soberanos con los recursos petroleros. El primero para el Desarrollo y la Protecci\u00f3n Social, que permitir\u00e1 mejorar el ingreso de los trabajadores y las trabajadoras del pa\u00eds, y que esa mejora de ingresos, a su vez, \u00abse convierta tambi\u00e9n en beneficio para los sectores productivos y comerciales\u00bb, explic\u00f3 Rodr\u00edguez G\u00f3mez.<\/p>\n<p>El segundo es el Fondo de Infraestructura y Servicios, dise\u00f1ado para apalancar el desarrollo econ\u00f3mico y social mediante la inversi\u00f3n en servicios b\u00e1sicos.<\/p>\n<p>De la misma manera, Rodr\u00edguez G\u00f3mez accion\u00f3 con la creaci\u00f3n del Comit\u00e9 Nacional de Defensa de los Derechos Econ\u00f3micos en el Consejo Nacional de Econom\u00eda Productiva 2026, en el que resalt\u00f3 que su finalidad es la participaci\u00f3n activa del Ejecutivo Nacional junto a los sectores privados: petrolero, agroalimentario, industrial, comercial, comunal, banca y exportador no petrolero, en defensa de los derechos econ\u00f3micos de Venezuela ante organismos multilaterales e instancias internacionales.<\/p>\n<p>&nbsp;<\/p>\n<p>&nbsp;<\/p>\n<p><strong><em>Prensa Presidencial<\/em><\/strong><\/p>\n","protected":false},"excerpt":{"rendered":"<p>Este mi\u00e9rcoles se llev\u00f3 a cabo en el Palacio de Miraflores el Consejo de Ministros, n\u00famero 758, encabezado por la presidenta encargada de la Rep\u00fablica Bolivariana de Venezuela, Delcy Rodr\u00edguez&hellip; <\/p>\n","protected":false},"author":7,"featured_media":50129,"comment_status":"closed","ping_status":"closed","sticky":false,"template":"","format":"standard","meta":{"footnotes":""},"categories":[41],"tags":[],"class_list":["post-50128","post","type-post","status-publish","format-standard","has-post-thumbnail","hentry","category-pais"],"_links":{"self":[{"href":"https:\/\/ciudadtrujillo.com\/index.php?rest_route=\/wp\/v2\/posts\/50128","targetHints":{"allow":["GET"]}}],"collection":[{"href":"https:\/\/ciudadtrujillo.com\/index.php?rest_route=\/wp\/v2\/posts"}],"about":[{"href":"https:\/\/ciudadtrujillo.com\/index.php?rest_route=\/wp\/v2\/types\/post"}],"author":[{"embeddable":true,"href":"https:\/\/ciudadtrujillo.com\/index.php?rest_route=\/wp\/v2\/users\/7"}],"replies":[{"embeddable":true,"href":"https:\/\/ciudadtrujillo.com\/index.php?rest_route=%2Fwp%2Fv2%2Fcomments&post=50128"}],"version-history":[{"count":1,"href":"https:\/\/ciudadtrujillo.com\/index.php?rest_route=\/wp\/v2\/posts\/50128\/revisions"}],"predecessor-version":[{"id":50130,"href":"https:\/\/ciudadtrujillo.com\/index.php?rest_route=\/wp\/v2\/posts\/50128\/revisions\/50130"}],"wp:featuredmedia":[{"embeddable":true,"href":"https:\/\/ciudadtrujillo.com\/index.php?rest_route=\/wp\/v2\/media\/50129"}],"wp:attachment":[{"href":"https:\/\/ciudadtrujillo.com\/index.php?rest_route=%2Fwp%2Fv2%2Fmedia&parent=50128"}],"wp:term":[{"taxonomy":"category","embeddable":true,"href":"https:\/\/ciudadtrujillo.com\/index.php?rest_route=%2Fwp%2Fv2%2Fcategories&post=50128"},{"taxonomy":"post_tag","embeddable":true,"href":"https:\/\/ciudadtrujillo.com\/index.php?rest_route=%2Fwp%2Fv2%2Ftags&post=50128"}],"curies":[{"name":"wp","href":"https:\/\/api.w.org\/{rel}","templated":true}]}}