{"id":50125,"date":"2026-01-21T21:22:11","date_gmt":"2026-01-22T01:22:11","guid":{"rendered":"https:\/\/ciudadtrujillo.com\/?p=50125"},"modified":"2026-01-21T21:22:11","modified_gmt":"2026-01-22T01:22:11","slug":"presidenta-encargada-lidera-el-primer-consejo-federal-de-gobierno-2026","status":"publish","type":"post","link":"https:\/\/ciudadtrujillo.com\/?p=50125","title":{"rendered":"Presidenta Encargada lidera el primer Consejo Federal de Gobierno 2026"},"content":{"rendered":"<p>La presidenta encargada de la Rep\u00fablica Bolivariana de Venezuela, Delcy Rodr\u00edguez, lider\u00f3 este mi\u00e9rcoles el primer Consejo Federal de Gobierno (CFG), junto a autoridades regionales y locales que fueron elegidas el pasado 2025, con el fin de establecer l\u00edneas de trabajo que contribuir\u00e1n al fortalecimiento de la construcci\u00f3n de un Estado Comunal m\u00e1s robusto.<\/p>\n<p>Es importante resaltar que estas acciones se ejecutan en el marco de la Ley Org\u00e1nica del Plan de la Patria de las 7 Grandes Transformaciones 2025-2031, que tiene como objetivo central promover la creaci\u00f3n de nuevos consensos con el pueblo venezolano, a fin de alcanzar un nivel superior de uni\u00f3n nacional y seguir construyendo una Venezuela potencia.<\/p>\n<p>El CFG que est\u00e1 conformado por nuevos integrantes, designados a mediados del 2025, tiene el prop\u00f3sito de coordinar pol\u00edticas y acciones destinadas al desarrollo de los procesos de descentralizaci\u00f3n, as\u00ed como del impulso de la participaci\u00f3n directa del pueblo, a trav\u00e9s de las consultas populares, para la priorizaci\u00f3n y ejecuci\u00f3n de proyectos comunales, destacando en todo momento la importancia de las estructuras de base.<\/p>\n<p>En este orden de ideas, es importante mencionar que los nuevos integrantes de esta estructura, son Leonardo Montezuma, quien est\u00e1 como Secretario Ejecutivo, representantes ministeriales; el vicepresidente sectorial de Obras P\u00fablicas y Servicios, Jorge M\u00e1rquez, la vicepresidencia Sectorial de Ciencia, Tecnolog\u00eda, Ecosocialismo y Salud, Gabriela Jim\u00e9nez, as\u00ed como los gobernadores V\u00edctor Clark, Jhoanna Carrillo, Alberto Gal\u00edndez, y los alcaldes Carmen Mel\u00e9ndez, Duque, Gustavo Duque y Gian Carlo.<\/p>\n<p>La reuni\u00f3n de trabajo se realiz\u00f3 en la Plaza Bicentenario, donde 335 alcaldes y los 24 gobernadores participaron en la reuni\u00f3n de trabajo, junto al Poder Popular, circuitos comunales, tren ministerial, entre otras autoridades.<\/p>\n<p><em>Prensa Presidencial<\/em><\/p>\n","protected":false},"excerpt":{"rendered":"<p>La presidenta encargada de la Rep\u00fablica Bolivariana de Venezuela, Delcy Rodr\u00edguez, lider\u00f3 este mi\u00e9rcoles el primer Consejo Federal de Gobierno (CFG), junto a autoridades regionales y locales que fueron elegidas&hellip; <\/p>\n","protected":false},"author":7,"featured_media":50126,"comment_status":"closed","ping_status":"closed","sticky":false,"template":"","format":"standard","meta":{"footnotes":""},"categories":[52,41],"tags":[],"class_list":["post-50125","post","type-post","status-publish","format-standard","has-post-thumbnail","hentry","category-destacadas","category-pais"],"_links":{"self":[{"href":"https:\/\/ciudadtrujillo.com\/index.php?rest_route=\/wp\/v2\/posts\/50125","targetHints":{"allow":["GET"]}}],"collection":[{"href":"https:\/\/ciudadtrujillo.com\/index.php?rest_route=\/wp\/v2\/posts"}],"about":[{"href":"https:\/\/ciudadtrujillo.com\/index.php?rest_route=\/wp\/v2\/types\/post"}],"author":[{"embeddable":true,"href":"https:\/\/ciudadtrujillo.com\/index.php?rest_route=\/wp\/v2\/users\/7"}],"replies":[{"embeddable":true,"href":"https:\/\/ciudadtrujillo.com\/index.php?rest_route=%2Fwp%2Fv2%2Fcomments&post=50125"}],"version-history":[{"count":1,"href":"https:\/\/ciudadtrujillo.com\/index.php?rest_route=\/wp\/v2\/posts\/50125\/revisions"}],"predecessor-version":[{"id":50127,"href":"https:\/\/ciudadtrujillo.com\/index.php?rest_route=\/wp\/v2\/posts\/50125\/revisions\/50127"}],"wp:featuredmedia":[{"embeddable":true,"href":"https:\/\/ciudadtrujillo.com\/index.php?rest_route=\/wp\/v2\/media\/50126"}],"wp:attachment":[{"href":"https:\/\/ciudadtrujillo.com\/index.php?rest_route=%2Fwp%2Fv2%2Fmedia&parent=50125"}],"wp:term":[{"taxonomy":"category","embeddable":true,"href":"https:\/\/ciudadtrujillo.com\/index.php?rest_route=%2Fwp%2Fv2%2Fcategories&post=50125"},{"taxonomy":"post_tag","embeddable":true,"href":"https:\/\/ciudadtrujillo.com\/index.php?rest_route=%2Fwp%2Fv2%2Ftags&post=50125"}],"curies":[{"name":"wp","href":"https:\/\/api.w.org\/{rel}","templated":true}]}}