{"id":50122,"date":"2026-01-21T21:19:46","date_gmt":"2026-01-22T01:19:46","guid":{"rendered":"https:\/\/ciudadtrujillo.com\/?p=50122"},"modified":"2026-01-21T21:19:46","modified_gmt":"2026-01-22T01:19:46","slug":"ecosocialismo-trujillo-ejecutara-reforestacion-y-poda-controlada-en-avenida-bolivar-de-valera","status":"publish","type":"post","link":"https:\/\/ciudadtrujillo.com\/?p=50122","title":{"rendered":"Ecosocialismo Trujillo ejecutar\u00e1 reforestaci\u00f3n y poda controlada en avenida Bol\u00edvar de Valera"},"content":{"rendered":"<p>En el marco del aniversario 206 de la Ciudad de Valera y como parte del Plan Nacional de Reforestaci\u00f3n de la Gran Misi\u00f3n Madre Tierra Venezuela, el Ministerio de Ecosocialismo en Trujillo, en alianza con la Gobernaci\u00f3n y la Alcald\u00eda Comunal de Valera, realizar\u00e1 un plan de poda controlada de la vegetaci\u00f3n de la avenida Bol\u00edvar, de gran importancia para la urbe.<\/p>\n<p>Jos\u00e9 Ricardo Castellano, jefe de la Unidad Territorial Ecosocialista Trujillo, enfatiz\u00f3 que el equipo se alista para las correcciones pertinentes a algunos \u00e1rboles no maderables de las islas centrales de la arteria vial, al mismo tiempo su sustituci\u00f3n por otros ejemplares.<\/p>\n<p>M\u00e1s labores por el estado<\/p>\n<p>En este orden de ideas, Castellano coment\u00f3 que en el estado se prev\u00e9 la siembra de unos 72 mil \u00e1rboles en todo el territorio para sumar a la conservaci\u00f3n ambiental y preservaci\u00f3n de la vida. Por ello, invit\u00f3 al Poder Popular organizado a sumarse a todas las jornadas de reforestaci\u00f3n que ser\u00e1n anunciadas por las redes sociales del Ministerio de Ecosocialismo en Trujillo.<\/p>\n<p>\u00abPedimos a la colectividad la confianza en el Ministerio de Ecosocialismo y en las autoridades regionales para garantizar el equilibrio ecol\u00f3gico, siempre orientados a realizar acciones que mantengan la seguridad de todos \u00ab, a\u00f1adi\u00f3.<\/p>\n<h6><em>Ciudad Trujillo<\/em><\/h6>\n","protected":false},"excerpt":{"rendered":"<p>En el marco del aniversario 206 de la Ciudad de Valera y como parte del Plan Nacional de Reforestaci\u00f3n de la Gran Misi\u00f3n Madre Tierra Venezuela, el Ministerio de Ecosocialismo&hellip; <\/p>\n","protected":false},"author":7,"featured_media":50123,"comment_status":"closed","ping_status":"closed","sticky":false,"template":"","format":"standard","meta":{"footnotes":""},"categories":[40],"tags":[],"class_list":["post-50122","post","type-post","status-publish","format-standard","has-post-thumbnail","hentry","category-grantrujillo"],"_links":{"self":[{"href":"https:\/\/ciudadtrujillo.com\/index.php?rest_route=\/wp\/v2\/posts\/50122","targetHints":{"allow":["GET"]}}],"collection":[{"href":"https:\/\/ciudadtrujillo.com\/index.php?rest_route=\/wp\/v2\/posts"}],"about":[{"href":"https:\/\/ciudadtrujillo.com\/index.php?rest_route=\/wp\/v2\/types\/post"}],"author":[{"embeddable":true,"href":"https:\/\/ciudadtrujillo.com\/index.php?rest_route=\/wp\/v2\/users\/7"}],"replies":[{"embeddable":true,"href":"https:\/\/ciudadtrujillo.com\/index.php?rest_route=%2Fwp%2Fv2%2Fcomments&post=50122"}],"version-history":[{"count":1,"href":"https:\/\/ciudadtrujillo.com\/index.php?rest_route=\/wp\/v2\/posts\/50122\/revisions"}],"predecessor-version":[{"id":50124,"href":"https:\/\/ciudadtrujillo.com\/index.php?rest_route=\/wp\/v2\/posts\/50122\/revisions\/50124"}],"wp:featuredmedia":[{"embeddable":true,"href":"https:\/\/ciudadtrujillo.com\/index.php?rest_route=\/wp\/v2\/media\/50123"}],"wp:attachment":[{"href":"https:\/\/ciudadtrujillo.com\/index.php?rest_route=%2Fwp%2Fv2%2Fmedia&parent=50122"}],"wp:term":[{"taxonomy":"category","embeddable":true,"href":"https:\/\/ciudadtrujillo.com\/index.php?rest_route=%2Fwp%2Fv2%2Fcategories&post=50122"},{"taxonomy":"post_tag","embeddable":true,"href":"https:\/\/ciudadtrujillo.com\/index.php?rest_route=%2Fwp%2Fv2%2Ftags&post=50122"}],"curies":[{"name":"wp","href":"https:\/\/api.w.org\/{rel}","templated":true}]}}