{"id":49899,"date":"2026-01-07T18:35:47","date_gmt":"2026-01-07T22:35:47","guid":{"rendered":"https:\/\/ciudadtrujillo.com\/?p=49899"},"modified":"2026-01-07T18:35:47","modified_gmt":"2026-01-07T22:35:47","slug":"sector-educativo-del-estado-participa-en-el-congreso-bolivariano-del-poder-constituyente-originario","status":"publish","type":"post","link":"https:\/\/ciudadtrujillo.com\/?p=49899","title":{"rendered":"Sector educativo del estado participa en el Congreso Bolivariano del Poder Constituyente Originario"},"content":{"rendered":"<p style=\"text-align: justify;\">El pasado lunes 5 de enero, el sector educativo del estado Trujillo particip\u00f3 en el Congreso Bolivariano del Poder Constituyente Originario fase municipal, una instancia estrat\u00e9gica que busca movilizar a todo el territorio nacional bajo las directrices de la soberan\u00eda popular. Este Congreso Bolivariano tiene como finalidad la elaboraci\u00f3n de un proyecto para una Gran Reforma Constitucional, la cual ser\u00e1 presentada mediante decreto presidencial ante la Asamblea Nacional.<\/p>\n<p style=\"text-align: justify;\">En la entidad trujillana, el sector educativo realiz\u00f3 asambleas en los 20 municipios del territorio para abordar el Plan de las 7T, vinculado a los diversos sectores para territorializar las pol\u00edticas p\u00fablicas.<\/p>\n<p style=\"text-align: justify;\">El Congreso Bolivariano del Poder Constituyente Originario no se limitar\u00e1 a un sector en especifico, integrar\u00e1 a la clase obrera, comunas y movimientos sociales, con el objetivo de consolidar un poder inquebrantable frente a amenazas externas. Adem\u00e1s este invit\u00f3 a la consolidaci\u00f3n de todas las fuerzas sociales del pa\u00eds.<\/p>\n<p style=\"text-align: justify;\">Durante el encuentro, la Autoridad \u00danica de Educaci\u00f3n del estado Trujillo, M.Sc.Alexis Brice\u00f1o alz\u00f3 su voz en solidaridad con el Presidente de la Rep\u00fablica y la Primera Dama: \u00abEl sector educativo del estado Trujillo se suma al clamor nacional, exigimos que se respete la voluntad del pueblo venezolano y solicitamos la liberaci\u00f3n del Presidente Nicolas Maduro y la Primera Dama, Cilia Flores\u00bb.<\/p>\n<p style=\"text-align: justify;\">Es importante destacar que, el Congreso Bolivariano del Poder Constituyente Originario se proyecta como el epicentro de una nueva era pol\u00edtica en el pa\u00eds.<\/p>\n<p>&nbsp;<\/p>\n<h6>Prensa Educaci\u00f3n<\/h6>\n","protected":false},"excerpt":{"rendered":"<p>El pasado lunes 5 de enero, el sector educativo del estado Trujillo particip\u00f3 en el Congreso Bolivariano del Poder Constituyente Originario fase municipal, una instancia estrat\u00e9gica que busca movilizar a&hellip; <\/p>\n","protected":false},"author":7,"featured_media":49900,"comment_status":"closed","ping_status":"closed","sticky":false,"template":"","format":"standard","meta":{"footnotes":""},"categories":[40],"tags":[],"class_list":["post-49899","post","type-post","status-publish","format-standard","has-post-thumbnail","hentry","category-grantrujillo"],"_links":{"self":[{"href":"https:\/\/ciudadtrujillo.com\/index.php?rest_route=\/wp\/v2\/posts\/49899","targetHints":{"allow":["GET"]}}],"collection":[{"href":"https:\/\/ciudadtrujillo.com\/index.php?rest_route=\/wp\/v2\/posts"}],"about":[{"href":"https:\/\/ciudadtrujillo.com\/index.php?rest_route=\/wp\/v2\/types\/post"}],"author":[{"embeddable":true,"href":"https:\/\/ciudadtrujillo.com\/index.php?rest_route=\/wp\/v2\/users\/7"}],"replies":[{"embeddable":true,"href":"https:\/\/ciudadtrujillo.com\/index.php?rest_route=%2Fwp%2Fv2%2Fcomments&post=49899"}],"version-history":[{"count":1,"href":"https:\/\/ciudadtrujillo.com\/index.php?rest_route=\/wp\/v2\/posts\/49899\/revisions"}],"predecessor-version":[{"id":49901,"href":"https:\/\/ciudadtrujillo.com\/index.php?rest_route=\/wp\/v2\/posts\/49899\/revisions\/49901"}],"wp:featuredmedia":[{"embeddable":true,"href":"https:\/\/ciudadtrujillo.com\/index.php?rest_route=\/wp\/v2\/media\/49900"}],"wp:attachment":[{"href":"https:\/\/ciudadtrujillo.com\/index.php?rest_route=%2Fwp%2Fv2%2Fmedia&parent=49899"}],"wp:term":[{"taxonomy":"category","embeddable":true,"href":"https:\/\/ciudadtrujillo.com\/index.php?rest_route=%2Fwp%2Fv2%2Fcategories&post=49899"},{"taxonomy":"post_tag","embeddable":true,"href":"https:\/\/ciudadtrujillo.com\/index.php?rest_route=%2Fwp%2Fv2%2Ftags&post=49899"}],"curies":[{"name":"wp","href":"https:\/\/api.w.org\/{rel}","templated":true}]}}