{"id":49890,"date":"2026-01-07T18:18:00","date_gmt":"2026-01-07T22:18:00","guid":{"rendered":"https:\/\/ciudadtrujillo.com\/?p=49890"},"modified":"2026-01-07T18:18:00","modified_gmt":"2026-01-07T22:18:00","slug":"pueblos-caribenos-condenaran-formalmente-el-ataque-de-estados-unidos-a-venezuela","status":"publish","type":"post","link":"https:\/\/ciudadtrujillo.com\/?p=49890","title":{"rendered":"Pueblos caribe\u00f1os condenar\u00e1n formalmente el ataque de Estados Unidos a Venezuela"},"content":{"rendered":"<p style=\"text-align: justify;\">La Asamblea de los Pueblos del Caribe (APC) condenar\u00e1 en\u00e9rgicamente el ataque militar de Estados Unidos contra Venezuela este 8 de enero en su conferencia de prensa virtual. Durante el encuentro, los representantes de la organizaci\u00f3n presentar\u00e1n una carta abierta dirigida a la Organizaci\u00f3n de las Naciones Unidas (ONU). El documento exige la intervenci\u00f3n de los organismos internacionales para salvaguardar la paz y detener lo que consideran una amenaza latente contra la autonom\u00eda de los pueblos del Caribe.<\/p>\n<p style=\"text-align: justify;\">Esta informaci\u00f3n publicada en el canal de Telegram del medio de comunicaci\u00f3n, RT, tambi\u00e9n indica que el comunicado oficial de APC, tambi\u00e9n anticipa el anuncio de una acci\u00f3n clave contra las pol\u00edticas de Estados Unidos. Esta medida busca contrarrestar la influencia militar en el \u00e1rea y fortalecer los mecanismos de resistencia regional. La APC subraya que la escalada de tensiones requiere respuestas firmes y coordinadas entre los sectores que defienden la autodeterminaci\u00f3n y rechazan cualquier forma de tutela extranjera en el territorio.<\/p>\n<p style=\"text-align: justify;\">Es importante destacar que esta organizaci\u00f3n hab\u00eda advertido sobre el incremento de la presencia de tropas extranjeras durante los meses de agosto y septiembre de 2025. Los acontecimientos actuales ratifican sus denuncias previas y ponen de manifiesto una estrategia de control que afecta directamente la estabilidad de las naciones vecinas.<\/p>\n<p style=\"text-align: justify;\">La APC mantiene su compromiso con el di\u00e1logo en favor de la soberan\u00eda y la integraci\u00f3n regional. Su labor hist\u00f3rica prioriza la defensa de la independencia nacional y la justicia social en todo el Caribe. Con esta nueva convocatoria, el organismo reafirma su papel como vigilante de la paz y motor de la unidad entre las naciones que aspiran a un futuro libre de intervenciones externas.<\/p>\n<p>&nbsp;<\/p>\n<p>&nbsp;<\/p>\n<h6>VTV<\/h6>\n","protected":false},"excerpt":{"rendered":"<p>La Asamblea de los Pueblos del Caribe (APC) condenar\u00e1 en\u00e9rgicamente el ataque militar de Estados Unidos contra Venezuela este 8 de enero en su conferencia de prensa virtual. Durante el&hellip; <\/p>\n","protected":false},"author":7,"featured_media":49891,"comment_status":"closed","ping_status":"closed","sticky":false,"template":"","format":"standard","meta":{"footnotes":""},"categories":[42],"tags":[],"class_list":["post-49890","post","type-post","status-publish","format-standard","has-post-thumbnail","hentry","category-mundo"],"_links":{"self":[{"href":"https:\/\/ciudadtrujillo.com\/index.php?rest_route=\/wp\/v2\/posts\/49890","targetHints":{"allow":["GET"]}}],"collection":[{"href":"https:\/\/ciudadtrujillo.com\/index.php?rest_route=\/wp\/v2\/posts"}],"about":[{"href":"https:\/\/ciudadtrujillo.com\/index.php?rest_route=\/wp\/v2\/types\/post"}],"author":[{"embeddable":true,"href":"https:\/\/ciudadtrujillo.com\/index.php?rest_route=\/wp\/v2\/users\/7"}],"replies":[{"embeddable":true,"href":"https:\/\/ciudadtrujillo.com\/index.php?rest_route=%2Fwp%2Fv2%2Fcomments&post=49890"}],"version-history":[{"count":1,"href":"https:\/\/ciudadtrujillo.com\/index.php?rest_route=\/wp\/v2\/posts\/49890\/revisions"}],"predecessor-version":[{"id":49892,"href":"https:\/\/ciudadtrujillo.com\/index.php?rest_route=\/wp\/v2\/posts\/49890\/revisions\/49892"}],"wp:featuredmedia":[{"embeddable":true,"href":"https:\/\/ciudadtrujillo.com\/index.php?rest_route=\/wp\/v2\/media\/49891"}],"wp:attachment":[{"href":"https:\/\/ciudadtrujillo.com\/index.php?rest_route=%2Fwp%2Fv2%2Fmedia&parent=49890"}],"wp:term":[{"taxonomy":"category","embeddable":true,"href":"https:\/\/ciudadtrujillo.com\/index.php?rest_route=%2Fwp%2Fv2%2Fcategories&post=49890"},{"taxonomy":"post_tag","embeddable":true,"href":"https:\/\/ciudadtrujillo.com\/index.php?rest_route=%2Fwp%2Fv2%2Ftags&post=49890"}],"curies":[{"name":"wp","href":"https:\/\/api.w.org\/{rel}","templated":true}]}}