{"id":49877,"date":"2026-01-06T23:10:41","date_gmt":"2026-01-07T03:10:41","guid":{"rendered":"https:\/\/ciudadtrujillo.com\/?p=49877"},"modified":"2026-01-06T23:10:41","modified_gmt":"2026-01-07T03:10:41","slug":"ciudad-trujillo-se-alza-por-segundo-ano-como-medio-de-comunicacion-en-gala-del-deporte","status":"publish","type":"post","link":"https:\/\/ciudadtrujillo.com\/?p=49877","title":{"rendered":"Ciudad Trujillo se alza por segundo a\u00f1o como medio de comunicaci\u00f3n en Gala del Deporte"},"content":{"rendered":"<p style=\"text-align: justify;\">Por segunda vez consecutiva el Diario Ciudad Trujillo obtuvo el galard\u00f3n como Medio de Comunicaci\u00f3n del A\u00f1o en la Gala del Deporte Trujillano 2025 celebrada este martes 6 de enero en el Foro Bolivariano de Valera.<\/p>\n<p style=\"text-align: justify;\">El equipo period\u00edstico el diario recibi\u00f3 el premio de manos del gobernador de Trujillo, Gerardo M\u00e1rquez, y del presidente del Instituto de Deportes del estado (Indet), como reconocimiento a su gesti\u00f3n comunicacional, destacando por su rigurosidad para reivindicar y proyectar la grandeza del deporte regional.<\/p>\n<p style=\"text-align: justify;\">Desde el Diario Ciudad Trujillo agradecemos el valor al trabajo constante y profesional que realizamos para visibilizar los logros y la preparaci\u00f3n de los atletas trujillanos en el desarrollo de las diferentes disciplinas deportivas de talla regional, nacional e internacional.<\/p>\n<p>&nbsp;<\/p>\n<p>&nbsp;<\/p>\n<h6>Ciudad Trujillo<br \/>\nGr\u00e1ficas: DGPG<\/h6>\n","protected":false},"excerpt":{"rendered":"<p>Por segunda vez consecutiva el Diario Ciudad Trujillo obtuvo el galard\u00f3n como Medio de Comunicaci\u00f3n del A\u00f1o en la Gala del Deporte Trujillano 2025 celebrada este martes 6 de enero&hellip; <\/p>\n","protected":false},"author":7,"featured_media":49878,"comment_status":"closed","ping_status":"closed","sticky":false,"template":"","format":"standard","meta":{"footnotes":""},"categories":[40],"tags":[],"class_list":["post-49877","post","type-post","status-publish","format-standard","has-post-thumbnail","hentry","category-grantrujillo"],"_links":{"self":[{"href":"https:\/\/ciudadtrujillo.com\/index.php?rest_route=\/wp\/v2\/posts\/49877","targetHints":{"allow":["GET"]}}],"collection":[{"href":"https:\/\/ciudadtrujillo.com\/index.php?rest_route=\/wp\/v2\/posts"}],"about":[{"href":"https:\/\/ciudadtrujillo.com\/index.php?rest_route=\/wp\/v2\/types\/post"}],"author":[{"embeddable":true,"href":"https:\/\/ciudadtrujillo.com\/index.php?rest_route=\/wp\/v2\/users\/7"}],"replies":[{"embeddable":true,"href":"https:\/\/ciudadtrujillo.com\/index.php?rest_route=%2Fwp%2Fv2%2Fcomments&post=49877"}],"version-history":[{"count":1,"href":"https:\/\/ciudadtrujillo.com\/index.php?rest_route=\/wp\/v2\/posts\/49877\/revisions"}],"predecessor-version":[{"id":49879,"href":"https:\/\/ciudadtrujillo.com\/index.php?rest_route=\/wp\/v2\/posts\/49877\/revisions\/49879"}],"wp:featuredmedia":[{"embeddable":true,"href":"https:\/\/ciudadtrujillo.com\/index.php?rest_route=\/wp\/v2\/media\/49878"}],"wp:attachment":[{"href":"https:\/\/ciudadtrujillo.com\/index.php?rest_route=%2Fwp%2Fv2%2Fmedia&parent=49877"}],"wp:term":[{"taxonomy":"category","embeddable":true,"href":"https:\/\/ciudadtrujillo.com\/index.php?rest_route=%2Fwp%2Fv2%2Fcategories&post=49877"},{"taxonomy":"post_tag","embeddable":true,"href":"https:\/\/ciudadtrujillo.com\/index.php?rest_route=%2Fwp%2Fv2%2Ftags&post=49877"}],"curies":[{"name":"wp","href":"https:\/\/api.w.org\/{rel}","templated":true}]}}