{"id":49868,"date":"2026-01-06T22:54:05","date_gmt":"2026-01-07T02:54:05","guid":{"rendered":"https:\/\/ciudadtrujillo.com\/?p=49868"},"modified":"2026-01-06T22:54:05","modified_gmt":"2026-01-07T02:54:05","slug":"presidenta-encargada-rodriguez-decreta-siete-dias-de-duelo-por-fallecidos-en-ataque-de-ee-uu","status":"publish","type":"post","link":"https:\/\/ciudadtrujillo.com\/?p=49868","title":{"rendered":"Presidenta Encargada Rodr\u00edguez decreta siete d\u00edas de duelo por fallecidos en ataque de EE.UU."},"content":{"rendered":"<p style=\"text-align: justify;\">La Presidenta Encargada de la Rep\u00fablica Bolivariana de Venezuela, Delcy Rodr\u00edguez, decret\u00f3 siete d\u00edas de duelo por los hombres y mujeres que fallecieron en la madrugada del 3 de enero, tras el ataque de Estados Unidos contra el pa\u00eds, que deriv\u00f3 en el secuestro del Presidente Nicol\u00e1s Maduro y la primera dama, Cilia Flores.<\/p>\n<p style=\"text-align: justify;\">\u201cUn mensaje por nuestros j\u00f3venes m\u00e1rtires, que dieron su vida por la defensa de nuestro pa\u00eds, por su pueblo y por eso hemos tomado esta decisi\u00f3n de duelo, en honor a ellos, que entregaron su vida, defendiendo al presidente Maduro\u201d, expres\u00f3.<\/p>\n<p style=\"text-align: justify;\">Agreg\u00f3 que le perfor\u00f3 el alma ver esas im\u00e1genes de los cuerpos de estas personas, \u201cpero sabemos que se martirizaron por los valores supremos en defensa de su patria\u201d.<\/p>\n<p>&nbsp;<\/p>\n<p>&nbsp;<\/p>\n<h6>VTV<\/h6>\n","protected":false},"excerpt":{"rendered":"<p>La Presidenta Encargada de la Rep\u00fablica Bolivariana de Venezuela, Delcy Rodr\u00edguez, decret\u00f3 siete d\u00edas de duelo por los hombres y mujeres que fallecieron en la madrugada del 3 de enero,&hellip; <\/p>\n","protected":false},"author":7,"featured_media":49869,"comment_status":"closed","ping_status":"closed","sticky":false,"template":"","format":"standard","meta":{"footnotes":""},"categories":[41],"tags":[],"class_list":["post-49868","post","type-post","status-publish","format-standard","has-post-thumbnail","hentry","category-pais"],"_links":{"self":[{"href":"https:\/\/ciudadtrujillo.com\/index.php?rest_route=\/wp\/v2\/posts\/49868","targetHints":{"allow":["GET"]}}],"collection":[{"href":"https:\/\/ciudadtrujillo.com\/index.php?rest_route=\/wp\/v2\/posts"}],"about":[{"href":"https:\/\/ciudadtrujillo.com\/index.php?rest_route=\/wp\/v2\/types\/post"}],"author":[{"embeddable":true,"href":"https:\/\/ciudadtrujillo.com\/index.php?rest_route=\/wp\/v2\/users\/7"}],"replies":[{"embeddable":true,"href":"https:\/\/ciudadtrujillo.com\/index.php?rest_route=%2Fwp%2Fv2%2Fcomments&post=49868"}],"version-history":[{"count":1,"href":"https:\/\/ciudadtrujillo.com\/index.php?rest_route=\/wp\/v2\/posts\/49868\/revisions"}],"predecessor-version":[{"id":49870,"href":"https:\/\/ciudadtrujillo.com\/index.php?rest_route=\/wp\/v2\/posts\/49868\/revisions\/49870"}],"wp:featuredmedia":[{"embeddable":true,"href":"https:\/\/ciudadtrujillo.com\/index.php?rest_route=\/wp\/v2\/media\/49869"}],"wp:attachment":[{"href":"https:\/\/ciudadtrujillo.com\/index.php?rest_route=%2Fwp%2Fv2%2Fmedia&parent=49868"}],"wp:term":[{"taxonomy":"category","embeddable":true,"href":"https:\/\/ciudadtrujillo.com\/index.php?rest_route=%2Fwp%2Fv2%2Fcategories&post=49868"},{"taxonomy":"post_tag","embeddable":true,"href":"https:\/\/ciudadtrujillo.com\/index.php?rest_route=%2Fwp%2Fv2%2Ftags&post=49868"}],"curies":[{"name":"wp","href":"https:\/\/api.w.org\/{rel}","templated":true}]}}