{"id":49865,"date":"2026-01-06T22:49:48","date_gmt":"2026-01-07T02:49:48","guid":{"rendered":"https:\/\/ciudadtrujillo.com\/?p=49865"},"modified":"2026-01-06T22:49:48","modified_gmt":"2026-01-07T02:49:48","slug":"en-tradicional-misa-del-deporte-exaltan-potencial-del-estado-trujillo","status":"publish","type":"post","link":"https:\/\/ciudadtrujillo.com\/?p=49865","title":{"rendered":"En tradicional Misa del Deporte exaltan potencial del estado Trujillo"},"content":{"rendered":"<p style=\"text-align: justify;\">En aras de agradecer los logros obtenidos en 2025 y encomendar los proyectos de 2026 para el potencial atl\u00e9tico de Trujillo, este martes se realiz\u00f3 la Misa del Deporte como parte de una tradici\u00f3n que cumple 81 a\u00f1os en el pa\u00eds.<\/p>\n<p style=\"text-align: justify;\">El Foro Bolivariano sirvi\u00f3 como escenario para la eucarist\u00eda presidida por el Padre Emiro Su\u00e1rez y la posterior entrega de 32 reconocimientos a atletas, paraatletas, entrenadores, asociaciones, medios de comunicaci\u00f3n entre otros. Al respecto, el gobernador Gerardo M\u00e1rquez resalt\u00f3 que el 2025 fue \u00abun a\u00f1o de logros importantes en competencias nacionales y regionales\u00bb.<\/p>\n<p style=\"text-align: justify;\">La Atleta \u00c9lite, Alida Rojo, destacada en trampolinismo y quien adem\u00e1s es clasificada a los Juegos Centroamericanos y el Caribe 2026, coment\u00f3 durante su discurso como oradora de orden que Trujillo conquist\u00f3 m\u00e1s de 500 medallas en las diferentes disciplinas en el 2025, \u00abel triunfo de cada presea es la muestra que somos un estado potencia\u00bb.<\/p>\n<p style=\"text-align: justify;\">Asimismo, Jes\u00fas \u00abEl Trompo\u00bb Gonz\u00e1lez, reconoci\u00f3 el trabajo realizado, con apoyo del gobierno regional, para posicionar a Trujillo como potencia deportiva.<\/p>\n<p style=\"text-align: justify;\">En la actividad mencionaron que en el 2025 Trujillo se consolid\u00f3 como escenario para competencias nacionales como los III Juegos Deportivos Nacionales Comunales 2025, adem\u00e1s de los evento regionales como el Cl\u00e1sico Cicl\u00edstico Dr. Jos\u00e9 Gregorio Hern\u00e1ndez, la Vuelta a Trujillo y el pase de Trujillanos FC a primera divisi\u00f3n.<\/p>\n<p>&nbsp;<\/p>\n<p>&nbsp;<\/p>\n<h6>Ciudad Trujillo<br \/>\nGr\u00e1ficas: DGPG<\/h6>\n","protected":false},"excerpt":{"rendered":"<p>En aras de agradecer los logros obtenidos en 2025 y encomendar los proyectos de 2026 para el potencial atl\u00e9tico de Trujillo, este martes se realiz\u00f3 la Misa del Deporte como&hellip; <\/p>\n","protected":false},"author":7,"featured_media":49866,"comment_status":"closed","ping_status":"closed","sticky":false,"template":"","format":"standard","meta":{"footnotes":""},"categories":[40],"tags":[],"class_list":["post-49865","post","type-post","status-publish","format-standard","has-post-thumbnail","hentry","category-grantrujillo"],"_links":{"self":[{"href":"https:\/\/ciudadtrujillo.com\/index.php?rest_route=\/wp\/v2\/posts\/49865","targetHints":{"allow":["GET"]}}],"collection":[{"href":"https:\/\/ciudadtrujillo.com\/index.php?rest_route=\/wp\/v2\/posts"}],"about":[{"href":"https:\/\/ciudadtrujillo.com\/index.php?rest_route=\/wp\/v2\/types\/post"}],"author":[{"embeddable":true,"href":"https:\/\/ciudadtrujillo.com\/index.php?rest_route=\/wp\/v2\/users\/7"}],"replies":[{"embeddable":true,"href":"https:\/\/ciudadtrujillo.com\/index.php?rest_route=%2Fwp%2Fv2%2Fcomments&post=49865"}],"version-history":[{"count":1,"href":"https:\/\/ciudadtrujillo.com\/index.php?rest_route=\/wp\/v2\/posts\/49865\/revisions"}],"predecessor-version":[{"id":49867,"href":"https:\/\/ciudadtrujillo.com\/index.php?rest_route=\/wp\/v2\/posts\/49865\/revisions\/49867"}],"wp:featuredmedia":[{"embeddable":true,"href":"https:\/\/ciudadtrujillo.com\/index.php?rest_route=\/wp\/v2\/media\/49866"}],"wp:attachment":[{"href":"https:\/\/ciudadtrujillo.com\/index.php?rest_route=%2Fwp%2Fv2%2Fmedia&parent=49865"}],"wp:term":[{"taxonomy":"category","embeddable":true,"href":"https:\/\/ciudadtrujillo.com\/index.php?rest_route=%2Fwp%2Fv2%2Fcategories&post=49865"},{"taxonomy":"post_tag","embeddable":true,"href":"https:\/\/ciudadtrujillo.com\/index.php?rest_route=%2Fwp%2Fv2%2Ftags&post=49865"}],"curies":[{"name":"wp","href":"https:\/\/api.w.org\/{rel}","templated":true}]}}