{"id":49862,"date":"2026-01-06T22:43:48","date_gmt":"2026-01-07T02:43:48","guid":{"rendered":"https:\/\/ciudadtrujillo.com\/?p=49862"},"modified":"2026-01-06T22:43:48","modified_gmt":"2026-01-07T02:43:48","slug":"turkiye-ratifica-apoyo-al-pueblo-venezolano-tras-ataque-de-eeuu","status":"publish","type":"post","link":"https:\/\/ciudadtrujillo.com\/?p=49862","title":{"rendered":"T\u00fcrkiye ratifica apoyo al pueblo venezolano tras ataque de EEUU"},"content":{"rendered":"<p style=\"text-align: justify;\">El presidente de T\u00fcrkiye, Recep Tayyip Erdogan, expres\u00f3 su apoyo al pueblo de Venezuela tras el ataque ejecutado por Estados Unidos el pasado s\u00e1bado, cuando fuerzas de Washington secuestraron al mandatario Nicol\u00e1s Maduro y a la primera dama Cilia Flores.<\/p>\n<p style=\"text-align: justify;\">El jefe de Estado turco se dirigi\u00f3 a la naci\u00f3n luego de la reuni\u00f3n del gabinete en el Palacio Presidencial, en la cual abordaron la agresi\u00f3n estadounidense contra el pa\u00eds.<\/p>\n<p style=\"text-align: justify;\">\u00abMaduro y el pueblo venezolano han demostrado en numerosas ocasiones que son amigos de la naci\u00f3n\u00bb, declar\u00f3 y agreg\u00f3 que, como dos naciones amigas, dan prioridad a la solidaridad en tiempos dif\u00edciles.<\/p>\n<h3 style=\"text-align: justify;\">Conversaci\u00f3n con Trump<\/h3>\n<p style=\"text-align: justify;\">Erdogan dijo que tuvo una conversaci\u00f3n telef\u00f3nica con su par de EEUU, Donald Trump, a quien le transmiti\u00f3 sus preocupaciones y le enfatiz\u00f3 que Venezuela no debe ser \u00abempujada a la inestabilidad\u00bb.<\/p>\n<p style=\"text-align: justify;\">\u00abEn nuestra conversaci\u00f3n telef\u00f3nica con el presidente estadounidense, se\u00f1or Trump, le transmitimos las preocupaciones de nuestro pa\u00eds. Subrayamos que Venezuela no debe ser empujada a la inestabilidad. T\u00fcrkiye y el pueblo turco seguir\u00e1n estando al lado del amigo pueblo venezolano en su lucha por el bienestar, la paz y el desarrollo\u00bb, asever\u00f3.<\/p>\n<h3 style=\"text-align: justify;\">Evitar el caos<\/h3>\n<p style=\"text-align: justify;\">El mandatario tambi\u00e9n resalt\u00f3 que es un hecho que la violaci\u00f3n de los derechos soberanos de los pa\u00edses y el atropello del derecho internacional \u00abson pasos arriesgados que pueden provocar graves complicaciones a nivel global\u00bb.<\/p>\n<p style=\"text-align: justify;\">Advirti\u00f3 que en un mundo donde prevalece la ley del m\u00e1s fuerte en lugar de la fuerza de la ley, \u00abno faltan la inestabilidad, las crisis y los conflictos\u00bb.<\/p>\n<p style=\"text-align: justify;\">\u00abComo T\u00fcrkiye, no queremos en absoluto que haya caos, desorden, ni tensiones, ni en nuestra regi\u00f3n, ni en otras partes del mundo\u00bb, acot\u00f3.<\/p>\n<p style=\"text-align: justify;\">EEUU llev\u00f3 a cabo un ataque contra Venezuela en la madrugada del pasado 3 de enero, secuestrando al presidente Maduro y a su esposa, quienes luego fueron trasladados a Nueva York. El pueblo venezolano ha salido a las calles para exigirle a Trump la liberaci\u00f3n del mandatario y de la primera dama, repudiando la agresi\u00f3n contra el pa\u00eds.<\/p>\n<p style=\"text-align: justify;\">Este ataque de Washington ha sido rechazado por los gobiernos de pa\u00edses como Rusia, China, Ir\u00e1n, Cuba, entre otros, y han instado a EEUU a liberarlos a ambos de forma inmediata.<\/p>\n<p>&nbsp;<\/p>\n<p>&nbsp;<\/p>\n<h6>\u00daltimas Noticias<\/h6>\n","protected":false},"excerpt":{"rendered":"<p>El presidente de T\u00fcrkiye, Recep Tayyip Erdogan, expres\u00f3 su apoyo al pueblo de Venezuela tras el ataque ejecutado por Estados Unidos el pasado s\u00e1bado, cuando fuerzas de Washington secuestraron al&hellip; <\/p>\n","protected":false},"author":7,"featured_media":49863,"comment_status":"closed","ping_status":"closed","sticky":false,"template":"","format":"standard","meta":{"footnotes":""},"categories":[42],"tags":[],"class_list":["post-49862","post","type-post","status-publish","format-standard","has-post-thumbnail","hentry","category-mundo"],"_links":{"self":[{"href":"https:\/\/ciudadtrujillo.com\/index.php?rest_route=\/wp\/v2\/posts\/49862","targetHints":{"allow":["GET"]}}],"collection":[{"href":"https:\/\/ciudadtrujillo.com\/index.php?rest_route=\/wp\/v2\/posts"}],"about":[{"href":"https:\/\/ciudadtrujillo.com\/index.php?rest_route=\/wp\/v2\/types\/post"}],"author":[{"embeddable":true,"href":"https:\/\/ciudadtrujillo.com\/index.php?rest_route=\/wp\/v2\/users\/7"}],"replies":[{"embeddable":true,"href":"https:\/\/ciudadtrujillo.com\/index.php?rest_route=%2Fwp%2Fv2%2Fcomments&post=49862"}],"version-history":[{"count":1,"href":"https:\/\/ciudadtrujillo.com\/index.php?rest_route=\/wp\/v2\/posts\/49862\/revisions"}],"predecessor-version":[{"id":49864,"href":"https:\/\/ciudadtrujillo.com\/index.php?rest_route=\/wp\/v2\/posts\/49862\/revisions\/49864"}],"wp:featuredmedia":[{"embeddable":true,"href":"https:\/\/ciudadtrujillo.com\/index.php?rest_route=\/wp\/v2\/media\/49863"}],"wp:attachment":[{"href":"https:\/\/ciudadtrujillo.com\/index.php?rest_route=%2Fwp%2Fv2%2Fmedia&parent=49862"}],"wp:term":[{"taxonomy":"category","embeddable":true,"href":"https:\/\/ciudadtrujillo.com\/index.php?rest_route=%2Fwp%2Fv2%2Fcategories&post=49862"},{"taxonomy":"post_tag","embeddable":true,"href":"https:\/\/ciudadtrujillo.com\/index.php?rest_route=%2Fwp%2Fv2%2Ftags&post=49862"}],"curies":[{"name":"wp","href":"https:\/\/api.w.org\/{rel}","templated":true}]}}