{"id":49852,"date":"2026-01-05T21:06:18","date_gmt":"2026-01-06T01:06:18","guid":{"rendered":"https:\/\/ciudadtrujillo.com\/?p=49852"},"modified":"2026-01-05T21:06:18","modified_gmt":"2026-01-06T01:06:18","slug":"ratificada-junta-directiva-del-consejo-legislativo-del-estado-trujillo-para-este-nuevo-periodo","status":"publish","type":"post","link":"https:\/\/ciudadtrujillo.com\/?p=49852","title":{"rendered":"Ratificada junta directiva del Consejo Legislativo del estado Trujillo para este nuevo per\u00edodo"},"content":{"rendered":"<p style=\"text-align: justify;\">Este lunes, tal como estaba previsto se llev\u00f3 a cabo la sesi\u00f3n especial en el Consejo Legislativo del estado Trujillo (CLET), donde se realiz\u00f3 la elecci\u00f3n, instalaci\u00f3nea y juramentaci\u00f3n de la junta directiva. En esta oportunidad, la legisladora Gioconda Quevedo fue ratificada como presidenta del \u00f3rgano para el per\u00edodo 2026, con el respaldo de la mayor\u00eda de los legisladores presentes.<\/p>\n<p style=\"text-align: justify;\">Adem\u00e1s, el legislador Nestor Delgado fue reelecto como vicepresidente y la mag\u00edster Rosal\u00eda Barazarte asumi\u00f3 la secretar\u00eda. Tras el acto de juramentaci\u00f3n del cuerpo legislativo, que cont\u00f3 con la presencia de autoridades del ejecutivo regional y del pueblo, se dio inicio al primer per\u00edodo de sesiones ordinarias del a\u00f1o 2026.<\/p>\n<p style=\"text-align: justify;\">Quevedo destac\u00f3 su compromiso de asumir esta responsabilidad con el objetivo de seguir legislando en favor del pueblo trujillano. Afirm\u00f3 que desde el CLET se est\u00e1 \u00abmuy comprometido en defender y apoyar la independencia y la soberan\u00eda de esta Patria\u00bb.<\/p>\n<p>&nbsp;<\/p>\n<p>&nbsp;<\/p>\n<h6>Ciudad Trujillo<br \/>\nGr\u00e1ficas: DGPG<\/h6>\n","protected":false},"excerpt":{"rendered":"<p>Este lunes, tal como estaba previsto se llev\u00f3 a cabo la sesi\u00f3n especial en el Consejo Legislativo del estado Trujillo (CLET), donde se realiz\u00f3 la elecci\u00f3n, instalaci\u00f3nea y juramentaci\u00f3n de&hellip; <\/p>\n","protected":false},"author":7,"featured_media":49853,"comment_status":"closed","ping_status":"closed","sticky":false,"template":"","format":"standard","meta":{"footnotes":""},"categories":[40],"tags":[],"class_list":["post-49852","post","type-post","status-publish","format-standard","has-post-thumbnail","hentry","category-grantrujillo"],"_links":{"self":[{"href":"https:\/\/ciudadtrujillo.com\/index.php?rest_route=\/wp\/v2\/posts\/49852","targetHints":{"allow":["GET"]}}],"collection":[{"href":"https:\/\/ciudadtrujillo.com\/index.php?rest_route=\/wp\/v2\/posts"}],"about":[{"href":"https:\/\/ciudadtrujillo.com\/index.php?rest_route=\/wp\/v2\/types\/post"}],"author":[{"embeddable":true,"href":"https:\/\/ciudadtrujillo.com\/index.php?rest_route=\/wp\/v2\/users\/7"}],"replies":[{"embeddable":true,"href":"https:\/\/ciudadtrujillo.com\/index.php?rest_route=%2Fwp%2Fv2%2Fcomments&post=49852"}],"version-history":[{"count":1,"href":"https:\/\/ciudadtrujillo.com\/index.php?rest_route=\/wp\/v2\/posts\/49852\/revisions"}],"predecessor-version":[{"id":49854,"href":"https:\/\/ciudadtrujillo.com\/index.php?rest_route=\/wp\/v2\/posts\/49852\/revisions\/49854"}],"wp:featuredmedia":[{"embeddable":true,"href":"https:\/\/ciudadtrujillo.com\/index.php?rest_route=\/wp\/v2\/media\/49853"}],"wp:attachment":[{"href":"https:\/\/ciudadtrujillo.com\/index.php?rest_route=%2Fwp%2Fv2%2Fmedia&parent=49852"}],"wp:term":[{"taxonomy":"category","embeddable":true,"href":"https:\/\/ciudadtrujillo.com\/index.php?rest_route=%2Fwp%2Fv2%2Fcategories&post=49852"},{"taxonomy":"post_tag","embeddable":true,"href":"https:\/\/ciudadtrujillo.com\/index.php?rest_route=%2Fwp%2Fv2%2Ftags&post=49852"}],"curies":[{"name":"wp","href":"https:\/\/api.w.org\/{rel}","templated":true}]}}