{"id":49849,"date":"2026-01-05T20:54:01","date_gmt":"2026-01-06T00:54:01","guid":{"rendered":"https:\/\/ciudadtrujillo.com\/?p=49849"},"modified":"2026-01-05T20:54:01","modified_gmt":"2026-01-06T00:54:01","slug":"movimiento-de-paises-no-alineados-condena-actos-criminales-de-estados-unidos-contra-venezuela","status":"publish","type":"post","link":"https:\/\/ciudadtrujillo.com\/?p=49849","title":{"rendered":"Movimiento de Pa\u00edses No Alineados condena actos criminales de Estados Unidos contra Venezuela"},"content":{"rendered":"<p style=\"text-align: justify;\">A trav\u00e9s de un comunicado, el Bur\u00f3 de Coordinaci\u00f3n del Movimiento de Pa\u00edses No Alineados (MNOAL) condena categ\u00f3ricamente el acto de agresi\u00f3n perpetrado por los Estados Unidos de Am\u00e9rica contra la Rep\u00fablica Bolivariana de Venezuela, desde las primeras horas del 3 de enero de 2026, que incluy\u00f3 ataques armados contra objetivos civiles y militares en la capital, Caracas, as\u00ed como en diversas ciudades del territorio venezolano, y el secuestro del presidente Nicol\u00e1s Maduro y la primera dama, Cilia Flores.<\/p>\n<p style=\"text-align: justify;\">Asimismo, el documento expresa que estos ataques violan flagrantemente los prop\u00f3sitos y principios consagrados en la Carta de las Naciones Unidas, as\u00ed como las normas del derecho internacional. Adem\u00e1s, \u201cconstituyen un acto de guerra contra la Rep\u00fablica Bolivariana de Venezuela que socava la paz, la seguridad y la estabilidad regionales e internacionales, y amenaza el derecho a la vida del pueblo venezolano\u201d.<\/p>\n<p style=\"text-align: justify;\">Ante este hecho, la Coordinaci\u00f3n del Movimiento de Pa\u00edses No Alineados exige el cese inmediato de todas las hostilidades contra la naci\u00f3n Bolivariana, el pleno respeto a la soberan\u00eda, la integridad territorial, la independencia pol\u00edtica y el derecho inalienable a la autodeterminaci\u00f3n del pa\u00eds suramericano, y que los responsables de estos actos de agresi\u00f3n rindan cuentas ante la justicia.<\/p>\n<p style=\"text-align: justify;\">En la misiva, el MNOAL tambi\u00e9n reafirma la inviolabilidad de las inmunidades otorgadas a los jefes de Estado y de Gobierno en virtud del derecho internacional, las cuales constituyen un pilar fundamental de la igualdad soberana, la coexistencia pac\u00edfica y las relaciones internacionales estables.<\/p>\n<p style=\"text-align: justify;\">\u201cEstas inmunidades, firmemente arraigadas en el derecho internacional consuetudinario y en consonancia con los prop\u00f3sitos y principios de la Carta de las Naciones Unidas, deben respetarse universalmente y sin discriminaci\u00f3n, y cualquier acci\u00f3n o medida que las socave o las ignore selectivamente corre el riesgo de erosionar el multilateralismo, desestabilizar las relaciones internacionales y debilitar el orden jur\u00eddico internacional\u201d, detalla el texto.<\/p>\n<p style=\"text-align: justify;\">Finalmente, el comunicado del Bur\u00f3 de Coordinaci\u00f3n del MNOAL reitera su plena solidaridad con el pueblo y el Gobierno de Venezuela \u201cen este momento cr\u00edtico e insiste en que las soluciones militares no son viables para abordar ninguna cuesti\u00f3n que pueda ser motivo de preocupaci\u00f3n entre los miembros de la comunidad internacional\u201d, concluy\u00f3.<\/p>\n<p>&nbsp;<\/p>\n<p>&nbsp;<\/p>\n<h6>VTV<\/h6>\n","protected":false},"excerpt":{"rendered":"<p>A trav\u00e9s de un comunicado, el Bur\u00f3 de Coordinaci\u00f3n del Movimiento de Pa\u00edses No Alineados (MNOAL) condena categ\u00f3ricamente el acto de agresi\u00f3n perpetrado por los Estados Unidos de Am\u00e9rica contra&hellip; <\/p>\n","protected":false},"author":7,"featured_media":49850,"comment_status":"closed","ping_status":"closed","sticky":false,"template":"","format":"standard","meta":{"footnotes":""},"categories":[42],"tags":[],"class_list":["post-49849","post","type-post","status-publish","format-standard","has-post-thumbnail","hentry","category-mundo"],"_links":{"self":[{"href":"https:\/\/ciudadtrujillo.com\/index.php?rest_route=\/wp\/v2\/posts\/49849","targetHints":{"allow":["GET"]}}],"collection":[{"href":"https:\/\/ciudadtrujillo.com\/index.php?rest_route=\/wp\/v2\/posts"}],"about":[{"href":"https:\/\/ciudadtrujillo.com\/index.php?rest_route=\/wp\/v2\/types\/post"}],"author":[{"embeddable":true,"href":"https:\/\/ciudadtrujillo.com\/index.php?rest_route=\/wp\/v2\/users\/7"}],"replies":[{"embeddable":true,"href":"https:\/\/ciudadtrujillo.com\/index.php?rest_route=%2Fwp%2Fv2%2Fcomments&post=49849"}],"version-history":[{"count":1,"href":"https:\/\/ciudadtrujillo.com\/index.php?rest_route=\/wp\/v2\/posts\/49849\/revisions"}],"predecessor-version":[{"id":49851,"href":"https:\/\/ciudadtrujillo.com\/index.php?rest_route=\/wp\/v2\/posts\/49849\/revisions\/49851"}],"wp:featuredmedia":[{"embeddable":true,"href":"https:\/\/ciudadtrujillo.com\/index.php?rest_route=\/wp\/v2\/media\/49850"}],"wp:attachment":[{"href":"https:\/\/ciudadtrujillo.com\/index.php?rest_route=%2Fwp%2Fv2%2Fmedia&parent=49849"}],"wp:term":[{"taxonomy":"category","embeddable":true,"href":"https:\/\/ciudadtrujillo.com\/index.php?rest_route=%2Fwp%2Fv2%2Fcategories&post=49849"},{"taxonomy":"post_tag","embeddable":true,"href":"https:\/\/ciudadtrujillo.com\/index.php?rest_route=%2Fwp%2Fv2%2Ftags&post=49849"}],"curies":[{"name":"wp","href":"https:\/\/api.w.org\/{rel}","templated":true}]}}