{"id":49846,"date":"2026-01-05T20:45:46","date_gmt":"2026-01-06T00:45:46","guid":{"rendered":"https:\/\/ciudadtrujillo.com\/?p=49846"},"modified":"2026-01-05T20:45:46","modified_gmt":"2026-01-06T00:45:46","slug":"asamblea-nacional-designa-y-juramenta-nueva-junta-directiva-para-periodo-2026","status":"publish","type":"post","link":"https:\/\/ciudadtrujillo.com\/?p=49846","title":{"rendered":"Asamblea Nacional designa y juramenta nueva junta directiva para per\u00edodo 2026"},"content":{"rendered":"<p style=\"text-align: justify;\">La Asamblea Nacional (AN) aprob\u00f3 por contundente mayor\u00eda la conformaci\u00f3n de su junta directiva para el per\u00edodo constitucional legislativo 2026, para el que fue ratificado como presidente el diputado Jorge Rodr\u00edguez. La decisi\u00f3n se tom\u00f3 en sesi\u00f3n plenaria con respaldo mayoritario de los parlamentarios presentes.<\/p>\n<p style=\"text-align: justify;\">\u00abJuro en el nombre de Dios Todopoderoso, juro por el ejemplo del Libertador de Am\u00e9rica, Sim\u00f3n Bol\u00edvar, por nuestra historia sagrada, por mis hijos, juro por la Patria, juro por la valent\u00eda y la sangre derramada de los soldados ca\u00eddos en los hechos del pasado 3 de enero, juro por la paz que construiremos todos y todas juntos, cumplir y hacer cumplir las leyes de la Rep\u00fablica. Juro que este recinto ser\u00e1 espacio para la unidad nacional que nos permita enfrentar los obst\u00e1culos, los enemigos y las agresiones. Juro que en este momento el pueblo puede decir que juntos y juntas siempre venceremos\u00bb, expres\u00f3 el parlamentario Rodr\u00edguez, al quedar investido como m\u00e1xima autoridad de la Asamblea Nacional.<\/p>\n<p style=\"text-align: justify;\">De igual manera, se eligi\u00f3 como primer vicepresidente al diputado Pedro Infante, quien asumir\u00e1 responsabilidades en la conducci\u00f3n del cuerpo legislativo durante el nuevo ciclo parlamentario y cuya designaci\u00f3n cont\u00f3 con amplio consenso entre las fuerzas pol\u00edticas representadas en el hemiciclo.<\/p>\n<p style=\"text-align: justify;\">La diputada Grecia Colmenares fue designada como segunda vicepresidenta, cargo desde el cual acompa\u00f1ar\u00e1 la direcci\u00f3n de los debates y el desarrollo de las actividades legislativas. Su incorporaci\u00f3n refuerza la estructura de conducci\u00f3n de la Asamblea Nacional en el per\u00edodo establecido.<\/p>\n<p style=\"text-align: justify;\">Asimismo, se design\u00f3 a la abogada Mar\u00eda Alejandra Hern\u00e1ndez como secretaria de la AN, funci\u00f3n clave para garantizar la organizaci\u00f3n administrativa y documental del \u00f3rgano legislativo. Junto a ella estar\u00e1 el licenciado Jos\u00e9 Omar Molina, quien fue nombrado subsecretario para el mismo per\u00edodo.<\/p>\n<p>&nbsp;<\/p>\n<p>&nbsp;<\/p>\n<h6>VTV<\/h6>\n","protected":false},"excerpt":{"rendered":"<p>La Asamblea Nacional (AN) aprob\u00f3 por contundente mayor\u00eda la conformaci\u00f3n de su junta directiva para el per\u00edodo constitucional legislativo 2026, para el que fue ratificado como presidente el diputado Jorge&hellip; <\/p>\n","protected":false},"author":7,"featured_media":49847,"comment_status":"closed","ping_status":"closed","sticky":false,"template":"","format":"standard","meta":{"footnotes":""},"categories":[41],"tags":[],"class_list":["post-49846","post","type-post","status-publish","format-standard","has-post-thumbnail","hentry","category-pais"],"_links":{"self":[{"href":"https:\/\/ciudadtrujillo.com\/index.php?rest_route=\/wp\/v2\/posts\/49846","targetHints":{"allow":["GET"]}}],"collection":[{"href":"https:\/\/ciudadtrujillo.com\/index.php?rest_route=\/wp\/v2\/posts"}],"about":[{"href":"https:\/\/ciudadtrujillo.com\/index.php?rest_route=\/wp\/v2\/types\/post"}],"author":[{"embeddable":true,"href":"https:\/\/ciudadtrujillo.com\/index.php?rest_route=\/wp\/v2\/users\/7"}],"replies":[{"embeddable":true,"href":"https:\/\/ciudadtrujillo.com\/index.php?rest_route=%2Fwp%2Fv2%2Fcomments&post=49846"}],"version-history":[{"count":1,"href":"https:\/\/ciudadtrujillo.com\/index.php?rest_route=\/wp\/v2\/posts\/49846\/revisions"}],"predecessor-version":[{"id":49848,"href":"https:\/\/ciudadtrujillo.com\/index.php?rest_route=\/wp\/v2\/posts\/49846\/revisions\/49848"}],"wp:featuredmedia":[{"embeddable":true,"href":"https:\/\/ciudadtrujillo.com\/index.php?rest_route=\/wp\/v2\/media\/49847"}],"wp:attachment":[{"href":"https:\/\/ciudadtrujillo.com\/index.php?rest_route=%2Fwp%2Fv2%2Fmedia&parent=49846"}],"wp:term":[{"taxonomy":"category","embeddable":true,"href":"https:\/\/ciudadtrujillo.com\/index.php?rest_route=%2Fwp%2Fv2%2Fcategories&post=49846"},{"taxonomy":"post_tag","embeddable":true,"href":"https:\/\/ciudadtrujillo.com\/index.php?rest_route=%2Fwp%2Fv2%2Ftags&post=49846"}],"curies":[{"name":"wp","href":"https:\/\/api.w.org\/{rel}","templated":true}]}}