{"id":49843,"date":"2026-01-05T20:41:43","date_gmt":"2026-01-06T00:41:43","guid":{"rendered":"https:\/\/ciudadtrujillo.com\/?p=49843"},"modified":"2026-01-05T20:41:43","modified_gmt":"2026-01-06T00:41:43","slug":"venezuela-exige-al-consejo-de-seguridad-de-la-onu-actuar-contra-ataque-de-ee-uu","status":"publish","type":"post","link":"https:\/\/ciudadtrujillo.com\/?p=49843","title":{"rendered":"Venezuela exige al Consejo de Seguridad de la ONU actuar contra ataque de EE.UU."},"content":{"rendered":"<p style=\"text-align: justify;\">El embajador de Venezuela ante la Organizaci\u00f3n de las Naciones Unidas, Samuel Moncada, exhort\u00f3 al Consejo de Seguridad a asumir su responsabilidad y actuar conforme al mandato que le confiere la Carta de la ONU, sobre las acciones de los Estados Unidos (EE.UU.) contra la amenaza a la paz, la seguridad internacional, el bombardeo de un pa\u00eds y el secuestro del Presidente Constitucional de la Rep\u00fablica Bolivariana de Venezuela, Nicol\u00e1s Maduro y la primera dama, Cilia Flores.<\/p>\n<p style=\"text-align: justify;\">En su participaci\u00f3n ante las Naciones Unidas en una reuni\u00f3n que se realiz\u00f3 para discutir la situaci\u00f3n generada desde este s\u00e1bado 3 enero con la intervenci\u00f3n militar de EE.UU. Moncada solicit\u00f3 que se exija al gobierno norteamericano, el respeto pleno de las inmunidades del Presidente Constitucional Nicol\u00e1s Maduro y de la primera dama, Cilia Flores, adem\u00e1s de su liberaci\u00f3n inmediata y su retorno seguro a su pa\u00eds, as\u00ed como de &lt;&lt;manera clara e inequ\u00edvoca se condene el uso de la fuerza contra la Rep\u00fablica Bolivariana de Venezuela\u00bb.<\/p>\n<p style=\"text-align: justify;\">Samuel Moncada exigi\u00f3 que \u00abse reafirme el principio de no adquisici\u00f3n de territorio ni de recursos, mediante la fuerza\u00bb, y adem\u00e1s que se adopten las medidas pertinentes orientadas a la \u00abdesescalada, la protecci\u00f3n de la poblaci\u00f3n civil y del restablecimiento del derecho internacional&gt;&gt;<\/p>\n<p style=\"text-align: justify;\">Exalt\u00f3 que este 3 de enero constituye una fecha de gravedad hist\u00f3rica para Venezuela y el derecho internacional, en la que la naci\u00f3n fue objeto de un \u00abataque armado e ileg\u00edtimo carente toda justificaci\u00f3n jur\u00eddica\u00bb en la que recibi\u00f3 bombardeo sobre su territorio, la p\u00e9rdida de vidas civiles y militares, la destrucci\u00f3n de espacio, as\u00ed como el secuestro del presidente constitucional Nicol\u00e1s Maduro y de la primera dama Cilia Flores.<\/p>\n<p>&nbsp;<\/p>\n<p>&nbsp;<\/p>\n<h6>VTV<\/h6>\n","protected":false},"excerpt":{"rendered":"<p>El embajador de Venezuela ante la Organizaci\u00f3n de las Naciones Unidas, Samuel Moncada, exhort\u00f3 al Consejo de Seguridad a asumir su responsabilidad y actuar conforme al mandato que le confiere&hellip; <\/p>\n","protected":false},"author":7,"featured_media":49844,"comment_status":"closed","ping_status":"closed","sticky":false,"template":"","format":"standard","meta":{"footnotes":""},"categories":[42],"tags":[],"class_list":["post-49843","post","type-post","status-publish","format-standard","has-post-thumbnail","hentry","category-mundo"],"_links":{"self":[{"href":"https:\/\/ciudadtrujillo.com\/index.php?rest_route=\/wp\/v2\/posts\/49843","targetHints":{"allow":["GET"]}}],"collection":[{"href":"https:\/\/ciudadtrujillo.com\/index.php?rest_route=\/wp\/v2\/posts"}],"about":[{"href":"https:\/\/ciudadtrujillo.com\/index.php?rest_route=\/wp\/v2\/types\/post"}],"author":[{"embeddable":true,"href":"https:\/\/ciudadtrujillo.com\/index.php?rest_route=\/wp\/v2\/users\/7"}],"replies":[{"embeddable":true,"href":"https:\/\/ciudadtrujillo.com\/index.php?rest_route=%2Fwp%2Fv2%2Fcomments&post=49843"}],"version-history":[{"count":1,"href":"https:\/\/ciudadtrujillo.com\/index.php?rest_route=\/wp\/v2\/posts\/49843\/revisions"}],"predecessor-version":[{"id":49845,"href":"https:\/\/ciudadtrujillo.com\/index.php?rest_route=\/wp\/v2\/posts\/49843\/revisions\/49845"}],"wp:featuredmedia":[{"embeddable":true,"href":"https:\/\/ciudadtrujillo.com\/index.php?rest_route=\/wp\/v2\/media\/49844"}],"wp:attachment":[{"href":"https:\/\/ciudadtrujillo.com\/index.php?rest_route=%2Fwp%2Fv2%2Fmedia&parent=49843"}],"wp:term":[{"taxonomy":"category","embeddable":true,"href":"https:\/\/ciudadtrujillo.com\/index.php?rest_route=%2Fwp%2Fv2%2Fcategories&post=49843"},{"taxonomy":"post_tag","embeddable":true,"href":"https:\/\/ciudadtrujillo.com\/index.php?rest_route=%2Fwp%2Fv2%2Ftags&post=49843"}],"curies":[{"name":"wp","href":"https:\/\/api.w.org\/{rel}","templated":true}]}}