{"id":49840,"date":"2026-01-05T20:34:48","date_gmt":"2026-01-06T00:34:48","guid":{"rendered":"https:\/\/ciudadtrujillo.com\/?p=49840"},"modified":"2026-01-05T20:34:48","modified_gmt":"2026-01-06T00:34:48","slug":"juramentada-delcy-rodriguez-como-primera-presidenta-encargada-de-venezuela","status":"publish","type":"post","link":"https:\/\/ciudadtrujillo.com\/?p=49840","title":{"rendered":"Juramentada Delcy Rodr\u00edguez como primera presidenta encargada de Venezuela"},"content":{"rendered":"<p style=\"text-align: justify;\">En un acto solemne celebrado en el Palacio Federal Legislativo, la Asamblea Nacional (AN) jurament\u00f3 a la vicepresidenta Ejecutiva, Delcy Rodr\u00edguez, como la primera presidenta encargada de la Rep\u00fablica Bolivariana de Venezuela.<\/p>\n<p style=\"text-align: justify;\">El presidente del Parlamento, Jorge Rodr\u00edguez, fue el encargado de tomar el juramento con las palabras: \u201cJura usted en el nombre de Dios todopoderoso, jura por su honor, jura por el pueblo de Venezuela que espera ser conducido a un camino de prosperidad y grandeza, jura por el camino de los libertadores de Am\u00e9rica, cumplir y hacer cumplir la Constituci\u00f3n de la Rep\u00fablica Bolivariana de Venezuela, cumplir y hacer las leyes y reglamentos de la Rep\u00fablica, jura cuidar con celo nuestro territorio sagrado, nuestro mar, nuestros r\u00edos y nuestro cielo sagrado, y sobre todo jura la b\u00fasqueda incansable de la prosperidad de nuestro pueblo, \u00bflo jura?\u201d.<\/p>\n<p style=\"text-align: justify;\">En su intervenci\u00f3n, la presidenta encargada, Delcy Rodr\u00edguez, expres\u00f3: \u201cVengo como vicepresidenta Ejecutiva del presidente constitucional de la Rep\u00fablica Bolivariana de Venezuela, Nicol\u00e1s Maduro Moros, a prestar juramento; vengo con dolor por el sufrimiento que se le ha causado al pueblo venezolano, luego de una agresi\u00f3n militar ileg\u00edtima contra nuestra patria; vengo con dolor por el secuestro de dos h\u00e9roes, el presidente de la Rep\u00fablica, Nicol\u00e1s Maduro, y la primera dama del pa\u00eds, Cilia Flores; vengo con dolor, pero debo decir que vengo con honor a jurar en nombre de todos los venezolanos y en nombre de todas las venezolanas\u201d.<\/p>\n<p style=\"text-align: justify;\">La mandataria encargada destac\u00f3 que su compromiso se fundamenta en los ideales de El Libertador Sim\u00f3n Bol\u00edvar, del Comandante Hugo Ch\u00e1vez y de Jorge Antonio Rodr\u00edguez, as\u00ed como en la defensa de la juventud, la ni\u00f1ez y la familia venezolana.<\/p>\n<p style=\"text-align: justify;\">Rodr\u00edguez reafirm\u00f3 su determinaci\u00f3n: \u201cJuro por mi honor que no dar\u00e9 descanso a mi brazo ni reposo a mi alma para ver a Venezuela en el destino que le corresponde y en el pedestal de honor hist\u00f3rico que le corresponde como una naci\u00f3n libre, soberana e independiente\u201d.<\/p>\n<h3 style=\"text-align: justify;\">Compromiso con la paz y la estabilidad<\/h3>\n<p style=\"text-align: justify;\">La presidenta encargada tambi\u00e9n subray\u00f3 su promesa de trabajar sin descanso por la paz, la estabilidad pol\u00edtica y la felicidad social del pueblo venezolano: \u201cJuro por el pueblo de Venezuela no descansar ni un minuto para garantizar la paz de la Rep\u00fablica, la tranquilidad espiritual, la tranquilidad econ\u00f3mica y social de nuestro pueblo, juro por Bol\u00edvar, juro por nuestros libertadores y libertadoras y juro por nuestras hermanas y hermanos que nos acompa\u00f1an y deben sumarse como un solo pueblo desde todos los sectores pol\u00edticos, sociales y econ\u00f3micos para sacar adelante a Venezuela en estas horas de amenaza contra la paz de la naci\u00f3n\u201d.<\/p>\n<p style=\"text-align: justify;\">Esta medida responde a la ausencia forzada del presidente constitucional de la Rep\u00fablica Bolivariana de Venezuela, Nicol\u00e1s Maduro, con el objetivo de garantizar la continuidad administrativa y la soberan\u00eda nacional, tras su secuestro el pasado 3 de enero por parte del imperio norteamericano.<\/p>\n<p>&nbsp;<\/p>\n<p>&nbsp;<\/p>\n<h6>VTV<\/h6>\n","protected":false},"excerpt":{"rendered":"<p>En un acto solemne celebrado en el Palacio Federal Legislativo, la Asamblea Nacional (AN) jurament\u00f3 a la vicepresidenta Ejecutiva, Delcy Rodr\u00edguez, como la primera presidenta encargada de la Rep\u00fablica Bolivariana&hellip; <\/p>\n","protected":false},"author":7,"featured_media":49841,"comment_status":"closed","ping_status":"closed","sticky":false,"template":"","format":"standard","meta":{"footnotes":""},"categories":[41],"tags":[],"class_list":["post-49840","post","type-post","status-publish","format-standard","has-post-thumbnail","hentry","category-pais"],"_links":{"self":[{"href":"https:\/\/ciudadtrujillo.com\/index.php?rest_route=\/wp\/v2\/posts\/49840","targetHints":{"allow":["GET"]}}],"collection":[{"href":"https:\/\/ciudadtrujillo.com\/index.php?rest_route=\/wp\/v2\/posts"}],"about":[{"href":"https:\/\/ciudadtrujillo.com\/index.php?rest_route=\/wp\/v2\/types\/post"}],"author":[{"embeddable":true,"href":"https:\/\/ciudadtrujillo.com\/index.php?rest_route=\/wp\/v2\/users\/7"}],"replies":[{"embeddable":true,"href":"https:\/\/ciudadtrujillo.com\/index.php?rest_route=%2Fwp%2Fv2%2Fcomments&post=49840"}],"version-history":[{"count":1,"href":"https:\/\/ciudadtrujillo.com\/index.php?rest_route=\/wp\/v2\/posts\/49840\/revisions"}],"predecessor-version":[{"id":49842,"href":"https:\/\/ciudadtrujillo.com\/index.php?rest_route=\/wp\/v2\/posts\/49840\/revisions\/49842"}],"wp:featuredmedia":[{"embeddable":true,"href":"https:\/\/ciudadtrujillo.com\/index.php?rest_route=\/wp\/v2\/media\/49841"}],"wp:attachment":[{"href":"https:\/\/ciudadtrujillo.com\/index.php?rest_route=%2Fwp%2Fv2%2Fmedia&parent=49840"}],"wp:term":[{"taxonomy":"category","embeddable":true,"href":"https:\/\/ciudadtrujillo.com\/index.php?rest_route=%2Fwp%2Fv2%2Fcategories&post=49840"},{"taxonomy":"post_tag","embeddable":true,"href":"https:\/\/ciudadtrujillo.com\/index.php?rest_route=%2Fwp%2Fv2%2Ftags&post=49840"}],"curies":[{"name":"wp","href":"https:\/\/api.w.org\/{rel}","templated":true}]}}