{"id":49837,"date":"2026-01-05T20:27:05","date_gmt":"2026-01-06T00:27:05","guid":{"rendered":"https:\/\/ciudadtrujillo.com\/?p=49837"},"modified":"2026-01-05T20:27:05","modified_gmt":"2026-01-06T00:27:05","slug":"maduro-soy-el-presidente-de-venezuela-y-me-considero-prisionero-de-guerra","status":"publish","type":"post","link":"https:\/\/ciudadtrujillo.com\/?p=49837","title":{"rendered":"Maduro: \u00abSoy el presidente de Venezuela y me considero prisionero de guerra\u00bb"},"content":{"rendered":"<p style=\"text-align: justify;\">\u00abSoy el presidente de Venezuela y me considero prisionero de guerra\u201d, enfatiz\u00f3 el presidente constitucional de la Rep\u00fablica Bolivariana, Nicol\u00e1s Maduro Moros, en sus primeras declaraciones ante un tribunal de Estados Unidos (EE.UU.) al denunciar que fue secuestrado y sacado a la fuerza de su casa en Caracas, en medio de la agresi\u00f3n militar masiva de EE.UU. en el territorio nacional.<\/p>\n<p style=\"text-align: justify;\">\u00abNo soy culpable, soy un hombre decente, sigo siendo el presidente de mi pa\u00eds\u00bb, agreg\u00f3 el jefe de Estado ante el juez Alvin Hellerstein, al rechazar el cargo de supuesto narcoterrorismo en su contra.<\/p>\n<p style=\"text-align: justify;\">Tras ello, la primera dama, Cilia Flores, procedi\u00f3 de la misma manera y se declar\u00f3 ante el magistrado: \u00abNo culpable, completamente inocente\u00bb.<\/p>\n<p style=\"text-align: justify;\">El l\u00edder venezolano fue llevado a la sala del tribunal sin esposas, con una camiseta negra y con unos auriculares supuestamente para la traducci\u00f3n simult\u00e1nea.<\/p>\n<p style=\"text-align: justify;\">Al emitir sus primeras declaraciones ante un tribunal de Nueva York, donde los secuestradores lo llevaron, junto a la primera dama combatiente, se inici\u00f3 el supuesto juicio en su contra tras la grave violaci\u00f3n del derecho internacional con los ataques militares al pa\u00eds. Una segunda audiencia fue agendada para el 17 de marzo, seg\u00fan anunci\u00f3 el juez.<\/p>\n<h3 style=\"text-align: justify;\">Curiosas acusaciones<\/h3>\n<p style=\"text-align: justify;\">Los supuestos delitos que se ventilan, son la supuesta \u00abconspiraci\u00f3n narcoterrorista\u00bb, adem\u00e1s de una presunta \u00abconspiraci\u00f3n para importar coca\u00edna, posesi\u00f3n de ametralladoras y dispositivos destructivos, y conspiraci\u00f3n para poseer ametralladoras y dispositivos destructivos contra Estados Unidos\u00bb.<\/p>\n<p style=\"text-align: justify;\">El presidente Maduro mencion\u00f3 que hab\u00eda visto la acusaci\u00f3n, pero no la hab\u00eda le\u00eddo y que lo habl\u00f3 parcialmente con su abogado. El defensor de Maduro es Barry Pollack, un abogado litigante experimentado que defendi\u00f3 al fundador de WikiLeaks, Julian Assange.<\/p>\n<p style=\"text-align: justify;\">Pollack adelant\u00f3 una \u00abpr\u00e1ctica de moci\u00f3n sustancial\u00bb, y explic\u00f3 que Maduro es el jefe de Estado de un pa\u00eds soberano y tiene derecho al privilegio e inmunidad de ese cargo. Tambi\u00e9n subray\u00f3 que existen problemas con la legalidad de su secuestro por militares estadounidenses.<\/p>\n<h3 style=\"text-align: justify;\">Lesiones tras secuestro<\/h3>\n<p style=\"text-align: justify;\">El abogado, asimismo, se\u00f1al\u00f3 al juez que \u00abexisten algunos problemas de salud y m\u00e9dicos\u00bb del l\u00edder venezolano \u00abque requerir\u00e1n atenci\u00f3n\u00bb.<\/p>\n<p style=\"text-align: justify;\">Por su parte, el abogado de la primera dama, Mark Donnelly, indic\u00f3 que sufri\u00f3 \u00ablesiones significativas durante su secuestro\u00bb, y sugiri\u00f3 una evaluaci\u00f3n m\u00e9dica, debido a que podr\u00eda tener una fractura o hematomas graves en las costillas y necesita una evaluaci\u00f3n f\u00edsica.<\/p>\n<p style=\"text-align: justify;\">Tras el secuestro, el mandatario venezolano y la primera dama de la Rep\u00fablica, fueron recluidos en el Centro de Detenci\u00f3n Metropolitano de Brooklyn.<\/p>\n<p style=\"text-align: justify;\">Amenazas de fiscal general EE.UU. y rechazo del mundo<\/p>\n<p style=\"text-align: justify;\">La fiscal general del pa\u00eds norteamericano, Pamela Bondi, dijo que Maduro y Flores \u00abpronto se enfrentar\u00e1n a la ira de la Justicia estadounidense en suelo estadounidense y en tribunales estadounidenses\u00bb.<\/p>\n<p style=\"text-align: justify;\">Muchos pa\u00edses del mundo, entre ellos Rusia, instaron a liberar inmediatamente a Maduro y a su esposa. Mosc\u00fa repudi\u00f3 el ataque y se\u00f1al\u00f3 que Venezuela debe tener el derecho de decidir su destino sin ning\u00fan tipo de intervenci\u00f3n desde el exterior.<\/p>\n<p style=\"text-align: justify;\">Horas despu\u00e9s del ataque contra Venezuela, Trump advirti\u00f3 de que Cuba, M\u00e9xico y Colombia podr\u00edan ser los pr\u00f3ximos objetivos de Washington.<\/p>\n<p>&nbsp;<\/p>\n<p>&nbsp;<\/p>\n<h6>VTV<\/h6>\n","protected":false},"excerpt":{"rendered":"<p>\u00abSoy el presidente de Venezuela y me considero prisionero de guerra\u201d, enfatiz\u00f3 el presidente constitucional de la Rep\u00fablica Bolivariana, Nicol\u00e1s Maduro Moros, en sus primeras declaraciones ante un tribunal de&hellip; <\/p>\n","protected":false},"author":7,"featured_media":49838,"comment_status":"closed","ping_status":"closed","sticky":false,"template":"","format":"standard","meta":{"footnotes":""},"categories":[41],"tags":[],"class_list":["post-49837","post","type-post","status-publish","format-standard","has-post-thumbnail","hentry","category-pais"],"_links":{"self":[{"href":"https:\/\/ciudadtrujillo.com\/index.php?rest_route=\/wp\/v2\/posts\/49837","targetHints":{"allow":["GET"]}}],"collection":[{"href":"https:\/\/ciudadtrujillo.com\/index.php?rest_route=\/wp\/v2\/posts"}],"about":[{"href":"https:\/\/ciudadtrujillo.com\/index.php?rest_route=\/wp\/v2\/types\/post"}],"author":[{"embeddable":true,"href":"https:\/\/ciudadtrujillo.com\/index.php?rest_route=\/wp\/v2\/users\/7"}],"replies":[{"embeddable":true,"href":"https:\/\/ciudadtrujillo.com\/index.php?rest_route=%2Fwp%2Fv2%2Fcomments&post=49837"}],"version-history":[{"count":1,"href":"https:\/\/ciudadtrujillo.com\/index.php?rest_route=\/wp\/v2\/posts\/49837\/revisions"}],"predecessor-version":[{"id":49839,"href":"https:\/\/ciudadtrujillo.com\/index.php?rest_route=\/wp\/v2\/posts\/49837\/revisions\/49839"}],"wp:featuredmedia":[{"embeddable":true,"href":"https:\/\/ciudadtrujillo.com\/index.php?rest_route=\/wp\/v2\/media\/49838"}],"wp:attachment":[{"href":"https:\/\/ciudadtrujillo.com\/index.php?rest_route=%2Fwp%2Fv2%2Fmedia&parent=49837"}],"wp:term":[{"taxonomy":"category","embeddable":true,"href":"https:\/\/ciudadtrujillo.com\/index.php?rest_route=%2Fwp%2Fv2%2Fcategories&post=49837"},{"taxonomy":"post_tag","embeddable":true,"href":"https:\/\/ciudadtrujillo.com\/index.php?rest_route=%2Fwp%2Fv2%2Ftags&post=49837"}],"curies":[{"name":"wp","href":"https:\/\/api.w.org\/{rel}","templated":true}]}}