{"id":49833,"date":"2026-01-04T23:39:32","date_gmt":"2026-01-05T03:39:32","guid":{"rendered":"https:\/\/ciudadtrujillo.com\/?p=49833"},"modified":"2026-01-04T23:39:32","modified_gmt":"2026-01-05T03:39:32","slug":"presidenta-encargada-delcy-rodriguez-lidero-consejo-de-ministros-para-garantizar-la-paz-y-soberania-nacional","status":"publish","type":"post","link":"https:\/\/ciudadtrujillo.com\/?p=49833","title":{"rendered":"Presidenta encargada Delcy Rodr\u00edguez lider\u00f3 Consejo de Ministros para garantizar la paz y soberan\u00eda nacional"},"content":{"rendered":"<p style=\"text-align: justify;\">La presidenta encargada de la Rep\u00fablica, Delcy Rodr\u00edguez, lider\u00f3 el consejo de ministros que se llev\u00f3 a cabo en horas de la noche de este domingo 4 de enero en el Palacio de Miraflores, en Caracas.<\/p>\n<p style=\"text-align: justify;\">En esta reuni\u00f3n se definen las l\u00edneas estrat\u00e9gicas que llevar\u00e1 adelante el gobierno nacional, en el marco del Estado de Conmoci\u00f3n decretado por el Ejecutivo nacional tras el bombardeo perpetrado por el r\u00e9gimen de Estados Unidos contra nuestro pa\u00eds, y el posterior secuestro del presidente Nicol\u00e1s Maduro y de la primera combatiente, Cilia Flores.<\/p>\n<p style=\"text-align: justify;\">Entre los funcionarios presentes destacan los ministros de Defensa, Vladimir Padrino L\u00f3pez; Relaciones Interiores, Justicia y Paz, Diosdado Cabello; Educaci\u00f3n, H\u00e9ctor Rodr\u00edguez; Comunicaci\u00f3n e Informaci\u00f3n, Freddy \u00d1\u00e1\u00f1ez; Ciencia y Tecnolog\u00eda, Gabriela Jim\u00e9nez, entre otros.<\/p>\n<p style=\"text-align: justify;\">Con este Consejo de Ministros, el Gobierno Bolivariano reafirma su compromiso con la soberan\u00eda nacional al generar los lineamientos estrat\u00e9gicos necesarios para garantizar la paz ciudadana y la operatividad plena del Estado, refiere Prensa Presidencial.<\/p>\n<p>&nbsp;<\/p>\n<p>&nbsp;<\/p>\n<h6>La Iguana<\/h6>\n","protected":false},"excerpt":{"rendered":"<p>La presidenta encargada de la Rep\u00fablica, Delcy Rodr\u00edguez, lider\u00f3 el consejo de ministros que se llev\u00f3 a cabo en horas de la noche de este domingo 4 de enero en&hellip; <\/p>\n","protected":false},"author":7,"featured_media":49834,"comment_status":"closed","ping_status":"closed","sticky":false,"template":"","format":"standard","meta":{"footnotes":""},"categories":[41],"tags":[],"class_list":["post-49833","post","type-post","status-publish","format-standard","has-post-thumbnail","hentry","category-pais"],"_links":{"self":[{"href":"https:\/\/ciudadtrujillo.com\/index.php?rest_route=\/wp\/v2\/posts\/49833","targetHints":{"allow":["GET"]}}],"collection":[{"href":"https:\/\/ciudadtrujillo.com\/index.php?rest_route=\/wp\/v2\/posts"}],"about":[{"href":"https:\/\/ciudadtrujillo.com\/index.php?rest_route=\/wp\/v2\/types\/post"}],"author":[{"embeddable":true,"href":"https:\/\/ciudadtrujillo.com\/index.php?rest_route=\/wp\/v2\/users\/7"}],"replies":[{"embeddable":true,"href":"https:\/\/ciudadtrujillo.com\/index.php?rest_route=%2Fwp%2Fv2%2Fcomments&post=49833"}],"version-history":[{"count":1,"href":"https:\/\/ciudadtrujillo.com\/index.php?rest_route=\/wp\/v2\/posts\/49833\/revisions"}],"predecessor-version":[{"id":49835,"href":"https:\/\/ciudadtrujillo.com\/index.php?rest_route=\/wp\/v2\/posts\/49833\/revisions\/49835"}],"wp:featuredmedia":[{"embeddable":true,"href":"https:\/\/ciudadtrujillo.com\/index.php?rest_route=\/wp\/v2\/media\/49834"}],"wp:attachment":[{"href":"https:\/\/ciudadtrujillo.com\/index.php?rest_route=%2Fwp%2Fv2%2Fmedia&parent=49833"}],"wp:term":[{"taxonomy":"category","embeddable":true,"href":"https:\/\/ciudadtrujillo.com\/index.php?rest_route=%2Fwp%2Fv2%2Fcategories&post=49833"},{"taxonomy":"post_tag","embeddable":true,"href":"https:\/\/ciudadtrujillo.com\/index.php?rest_route=%2Fwp%2Fv2%2Ftags&post=49833"}],"curies":[{"name":"wp","href":"https:\/\/api.w.org\/{rel}","templated":true}]}}