{"id":49599,"date":"2025-12-15T22:54:24","date_gmt":"2025-12-16T02:54:24","guid":{"rendered":"https:\/\/ciudadtrujillo.com\/?p=49599"},"modified":"2025-12-15T22:54:24","modified_gmt":"2025-12-16T02:54:24","slug":"pacientes-son-favorecidos-con-implantacion-de-marcapasos-en-el-hospital-de-trujillo","status":"publish","type":"post","link":"https:\/\/ciudadtrujillo.com\/?p=49599","title":{"rendered":"Pacientes son favorecidos con implantaci\u00f3n de marcapasos en el Hospital de Trujillo"},"content":{"rendered":"<p style=\"text-align: justify;\">Gracias a las pol\u00edticas sociales promovidas por el gobierno revolucionario, este domingo se desarroll\u00f3 una nueva jornada de colocaci\u00f3n de marcapasos, desde la sede del Hospital Dr. Jos\u00e9 Gregorio Hern\u00e1ndez de Trujillo, beneficiando a 6 pacientes provenientes de diversas zonas de la entidad.<\/p>\n<p style=\"text-align: justify;\">Al respecto, la autoridad \u00fanica en Salud del estado, Dr. Germ\u00e1n Serrano, inform\u00f3 que \u00aben estricto cumplimiento de lineamientos emanados por la ministra del Poder Popular para la Salud, Dra. Magaly Guti\u00e9rrez y del gobernador My. Gerardo M\u00e1rquez, se est\u00e1 procediendo a la colocaci\u00f3n de 6 marcapasos bicamerales y unicamerales, con un equipo m\u00e9dico especializado integrado por el cirujano cardiovascular, Dr. Nelson Rayas, el cirujano, Dr. Juan Carlos Antonello y el t\u00e9cnico de marcapasos Davy McGuire, junto al gran equipo que forma parte de este centro de salud\u00bb.<\/p>\n<p style=\"text-align: justify;\">El tambi\u00e9n presidente de la Fundaci\u00f3n Trujillana de la Salud (Fundasalud), indic\u00f3 que \u00abestas jornadas de colocaci\u00f3n de marcapasos tendr\u00e1n prosecuci\u00f3n en el mes de enero del pr\u00f3ximo 2026, para continuar dando respuesta a aquellos pacientes que formularon su solicitud a trav\u00e9s de la aplicaci\u00f3n de la VenApp del 1X10 del Buen Gobierno\u00bb.<\/p>\n<p style=\"text-align: justify;\">Por su parte, el paciente Jos\u00e9 Eladio Ram\u00edrez, oriundo del municipio Valera, tras la colocaci\u00f3n de su marcapasos expres\u00f3, \u00abme siento profundamente agradecido con el presidente Nicol\u00e1s Maduro, el gobernador Gerardo M\u00e1rquez y con todo el equipo del hospital, ya que hicieron posible mi operaci\u00f3n y por el excelente trato que me han brindado\u00bb.<\/p>\n<p style=\"text-align: justify;\">Entre tanto, la directora del HJGH, Lcda. Milagros Cadenas, acot\u00f3 que estos pacientes ingresaron al nosocomio desde el pasado viernes, para el debido protocolo preoperatorio, garantizandoles todos los insumos necesarios para la implantaci\u00f3n de 5 dispositivos por primera vez y un recambio, puntualiz\u00f3.<\/p>\n<p>&nbsp;<\/p>\n<p>&nbsp;<\/p>\n<h6>Prensa regional MinSalud<\/h6>\n","protected":false},"excerpt":{"rendered":"<p>Gracias a las pol\u00edticas sociales promovidas por el gobierno revolucionario, este domingo se desarroll\u00f3 una nueva jornada de colocaci\u00f3n de marcapasos, desde la sede del Hospital Dr. Jos\u00e9 Gregorio Hern\u00e1ndez&hellip; <\/p>\n","protected":false},"author":7,"featured_media":49600,"comment_status":"closed","ping_status":"closed","sticky":false,"template":"","format":"standard","meta":{"footnotes":""},"categories":[40],"tags":[],"class_list":["post-49599","post","type-post","status-publish","format-standard","has-post-thumbnail","hentry","category-grantrujillo"],"_links":{"self":[{"href":"https:\/\/ciudadtrujillo.com\/index.php?rest_route=\/wp\/v2\/posts\/49599","targetHints":{"allow":["GET"]}}],"collection":[{"href":"https:\/\/ciudadtrujillo.com\/index.php?rest_route=\/wp\/v2\/posts"}],"about":[{"href":"https:\/\/ciudadtrujillo.com\/index.php?rest_route=\/wp\/v2\/types\/post"}],"author":[{"embeddable":true,"href":"https:\/\/ciudadtrujillo.com\/index.php?rest_route=\/wp\/v2\/users\/7"}],"replies":[{"embeddable":true,"href":"https:\/\/ciudadtrujillo.com\/index.php?rest_route=%2Fwp%2Fv2%2Fcomments&post=49599"}],"version-history":[{"count":1,"href":"https:\/\/ciudadtrujillo.com\/index.php?rest_route=\/wp\/v2\/posts\/49599\/revisions"}],"predecessor-version":[{"id":49601,"href":"https:\/\/ciudadtrujillo.com\/index.php?rest_route=\/wp\/v2\/posts\/49599\/revisions\/49601"}],"wp:featuredmedia":[{"embeddable":true,"href":"https:\/\/ciudadtrujillo.com\/index.php?rest_route=\/wp\/v2\/media\/49600"}],"wp:attachment":[{"href":"https:\/\/ciudadtrujillo.com\/index.php?rest_route=%2Fwp%2Fv2%2Fmedia&parent=49599"}],"wp:term":[{"taxonomy":"category","embeddable":true,"href":"https:\/\/ciudadtrujillo.com\/index.php?rest_route=%2Fwp%2Fv2%2Fcategories&post=49599"},{"taxonomy":"post_tag","embeddable":true,"href":"https:\/\/ciudadtrujillo.com\/index.php?rest_route=%2Fwp%2Fv2%2Ftags&post=49599"}],"curies":[{"name":"wp","href":"https:\/\/api.w.org\/{rel}","templated":true}]}}