{"id":49596,"date":"2025-12-15T22:52:41","date_gmt":"2025-12-16T02:52:41","guid":{"rendered":"https:\/\/ciudadtrujillo.com\/?p=49596"},"modified":"2025-12-15T22:52:41","modified_gmt":"2025-12-16T02:52:41","slug":"expoferia-artesanal-arte-utilidad-y-memoria-fue-un-exito-en-valera","status":"publish","type":"post","link":"https:\/\/ciudadtrujillo.com\/?p=49596","title":{"rendered":"Expoferia Artesanal \u201cArte, Utilidad y Memoria\u201d fue un \u00e9xito en Valera"},"content":{"rendered":"<p style=\"text-align: justify;\">Con gran \u00e9xito se realiz\u00f3 la Expoferia Artesanal \u201cArte, Utilidad y Memoria\u201d, el s\u00e1bado 13 de diciembre en el bulevar del C.C. Edivica, en el municipio Valera, dirigida a visibilizar, promocionar y comercializar el trabajo manual de los creadores trujillanos.<\/p>\n<p style=\"text-align: justify;\">La iniciativa responde al trabajo articulado entre el Ministerio del Poder Popular para la Cultura, Gabinete Cultural, cap\u00edtulo Trujillo, Alcald\u00eda Comunal de Valera, Instituto de la Cultura y las Artes de la Gobernaci\u00f3n de Trujillo (Incaet), Fundaci\u00f3n Red de Arte, Consejo de Artesanos de Valera y Circuito Comunal Renacer del comandante.<\/p>\n<p style=\"text-align: justify;\">Este evento de car\u00e1cter regional estuvo inspirado en la Feria Nacional de Artesan\u00eda de Caracas, en lo que fue la \u00faltima actividad ferial en la agenda de fin de a\u00f1o.<\/p>\n<p style=\"text-align: justify;\">La jornada se realiz\u00f3 en horario de 8:00 a. m. a 3:00 p.m, con la participaci\u00f3n de artesanos de 12 municipios del estado, ofreciendo a la comunidad piezas \u00fanicas y sabores que definen la esencia de las festividades de diciembre, atrayendo compradores interesados en art\u00edculos y obsequios originales para sus celebraciones navide\u00f1as.<\/p>\n<p style=\"text-align: justify;\">La expoferia artesanal \u201cArte, Utilidad y Memoria\u201d congreg\u00f3 a m\u00e1s de 50 artesanos de los municipios Urdaneta, Trujillo, Rafael Rangel, Bocon\u00f3, Candelaria, Valera, Motat\u00e1n, Pampanito, Pamp\u00e1n, San Rafael de Carvajal, entre otros, quienes expusieron una impresionante diversidad de rubros que reflejan la rica variedad de productos, oficios artesanales y dise\u00f1o; destac\u00e1ndose disciplinas como tejido, mu\u00f1equer\u00eda, cester\u00eda y trabajos innovadores en fibras naturales.<\/p>\n<p style=\"text-align: justify;\">Tambi\u00e9n se colocaron a la venta objetos utilitarios elaborados en ca\u00f1a de bamb\u00fa, piezas de pintura, esculturas de madera, orfebrer\u00eda y trabajos en cuero.<\/p>\n<p style=\"text-align: justify;\">La oferta culinaria incluy\u00f3 la emblem\u00e1tica hallaca, dulces de coco, una variada panader\u00eda tradicional, bebidas t\u00edpicas y vinos artesanales fundamentales en las celebraciones decembrinas.<\/p>\n<p style=\"text-align: justify;\">Estas ferias no solo son una plataforma vital para la comercializaci\u00f3n directa de los productos y la visibilizaci\u00f3n del talento local, sino que representa la constancia de los artesanos en cada uno de sus oficios, un emotivo encuentro y cierre de ciclo program\u00e1tico para el sector artesanal.<\/p>\n<p style=\"text-align: justify;\">La expoferia cont\u00f3 con la presencia del profesor Tem\u00edstocles Cabezas Morales, autoridad \u00fanica de cultura en Trujillo, C\u00e9sar Delgado, director operativo del Gabinete Cultural, cap\u00edtulo Trujillo, Ang\u00e9lica D\u2019Santiago, directora general del Incaet, Hortensia Godoy, jefa de Atenci\u00f3n al ciudadano del Incaet, Nuvia Uribe, coordinadora de la plataforma de las artes, de la imagen y el espacio (Iarte) y Tom Rodr\u00edguez, responsable de Galer\u00eda de la Red de Arte.<\/p>\n<p style=\"text-align: justify;\">\n<p>&nbsp;<\/p>\n<p>&nbsp;<\/p>\n<h6>Prensa Incaet \/ Griselda Castellanos<\/h6>\n","protected":false},"excerpt":{"rendered":"<p>Con gran \u00e9xito se realiz\u00f3 la Expoferia Artesanal \u201cArte, Utilidad y Memoria\u201d, el s\u00e1bado 13 de diciembre en el bulevar del C.C. Edivica, en el municipio Valera, dirigida a visibilizar,&hellip; <\/p>\n","protected":false},"author":7,"featured_media":49597,"comment_status":"closed","ping_status":"closed","sticky":false,"template":"","format":"standard","meta":{"footnotes":""},"categories":[40],"tags":[],"class_list":["post-49596","post","type-post","status-publish","format-standard","has-post-thumbnail","hentry","category-grantrujillo"],"_links":{"self":[{"href":"https:\/\/ciudadtrujillo.com\/index.php?rest_route=\/wp\/v2\/posts\/49596","targetHints":{"allow":["GET"]}}],"collection":[{"href":"https:\/\/ciudadtrujillo.com\/index.php?rest_route=\/wp\/v2\/posts"}],"about":[{"href":"https:\/\/ciudadtrujillo.com\/index.php?rest_route=\/wp\/v2\/types\/post"}],"author":[{"embeddable":true,"href":"https:\/\/ciudadtrujillo.com\/index.php?rest_route=\/wp\/v2\/users\/7"}],"replies":[{"embeddable":true,"href":"https:\/\/ciudadtrujillo.com\/index.php?rest_route=%2Fwp%2Fv2%2Fcomments&post=49596"}],"version-history":[{"count":1,"href":"https:\/\/ciudadtrujillo.com\/index.php?rest_route=\/wp\/v2\/posts\/49596\/revisions"}],"predecessor-version":[{"id":49598,"href":"https:\/\/ciudadtrujillo.com\/index.php?rest_route=\/wp\/v2\/posts\/49596\/revisions\/49598"}],"wp:featuredmedia":[{"embeddable":true,"href":"https:\/\/ciudadtrujillo.com\/index.php?rest_route=\/wp\/v2\/media\/49597"}],"wp:attachment":[{"href":"https:\/\/ciudadtrujillo.com\/index.php?rest_route=%2Fwp%2Fv2%2Fmedia&parent=49596"}],"wp:term":[{"taxonomy":"category","embeddable":true,"href":"https:\/\/ciudadtrujillo.com\/index.php?rest_route=%2Fwp%2Fv2%2Fcategories&post=49596"},{"taxonomy":"post_tag","embeddable":true,"href":"https:\/\/ciudadtrujillo.com\/index.php?rest_route=%2Fwp%2Fv2%2Ftags&post=49596"}],"curies":[{"name":"wp","href":"https:\/\/api.w.org\/{rel}","templated":true}]}}