{"id":49593,"date":"2025-12-15T22:50:39","date_gmt":"2025-12-16T02:50:39","guid":{"rendered":"https:\/\/ciudadtrujillo.com\/?p=49593"},"modified":"2025-12-15T22:50:39","modified_gmt":"2025-12-16T02:50:39","slug":"voceros-de-la-region-participan-en-el-1er-taller-para-salas-de-autogobierno-comunal","status":"publish","type":"post","link":"https:\/\/ciudadtrujillo.com\/?p=49593","title":{"rendered":"Voceros de la regi\u00f3n participan en el 1er Taller para Salas de Autogobierno Comunal"},"content":{"rendered":"<p style=\"text-align: justify;\">Miembros de las Salas de Autogobierno Comunal y voceros populares del estado Trujillo se reunieron para la instalaci\u00f3n del 1er Taller para Salas de Autogobierno, evento que busca fomentar la participaci\u00f3n ciudadana en la construcci\u00f3n de un modelo de autogobierno.<\/p>\n<p style=\"text-align: justify;\">La jornada fue encabezada por la vicepresidenta ejecutiva de la Rep\u00fablica, Delcy Rodr\u00edguez, quien resalt\u00f3 la relevancia de las 7 Tareas presentadas por el Presidente Nicol\u00e1s Maduro. Estas tareas est\u00e1n orientadas a impulsar la transici\u00f3n hacia el Estado Comunal, fortaleciendo la organizaci\u00f3n del pueblo.<\/p>\n<p style=\"text-align: justify;\">Adem\u00e1s, Rodr\u00edguez enfatiz\u00f3 la necesidad de consolidar la unidad y la fuerza del pueblo organizado, afirmando que el objetivo es ser invencibles como un solo poder.<\/p>\n<p>&nbsp;<\/p>\n<p>&nbsp;<\/p>\n<h6>Ciudad Trujillo<\/h6>\n","protected":false},"excerpt":{"rendered":"<p>Miembros de las Salas de Autogobierno Comunal y voceros populares del estado Trujillo se reunieron para la instalaci\u00f3n del 1er Taller para Salas de Autogobierno, evento que busca fomentar la&hellip; <\/p>\n","protected":false},"author":7,"featured_media":49594,"comment_status":"closed","ping_status":"closed","sticky":false,"template":"","format":"standard","meta":{"footnotes":""},"categories":[40],"tags":[],"class_list":["post-49593","post","type-post","status-publish","format-standard","has-post-thumbnail","hentry","category-grantrujillo"],"_links":{"self":[{"href":"https:\/\/ciudadtrujillo.com\/index.php?rest_route=\/wp\/v2\/posts\/49593","targetHints":{"allow":["GET"]}}],"collection":[{"href":"https:\/\/ciudadtrujillo.com\/index.php?rest_route=\/wp\/v2\/posts"}],"about":[{"href":"https:\/\/ciudadtrujillo.com\/index.php?rest_route=\/wp\/v2\/types\/post"}],"author":[{"embeddable":true,"href":"https:\/\/ciudadtrujillo.com\/index.php?rest_route=\/wp\/v2\/users\/7"}],"replies":[{"embeddable":true,"href":"https:\/\/ciudadtrujillo.com\/index.php?rest_route=%2Fwp%2Fv2%2Fcomments&post=49593"}],"version-history":[{"count":1,"href":"https:\/\/ciudadtrujillo.com\/index.php?rest_route=\/wp\/v2\/posts\/49593\/revisions"}],"predecessor-version":[{"id":49595,"href":"https:\/\/ciudadtrujillo.com\/index.php?rest_route=\/wp\/v2\/posts\/49593\/revisions\/49595"}],"wp:featuredmedia":[{"embeddable":true,"href":"https:\/\/ciudadtrujillo.com\/index.php?rest_route=\/wp\/v2\/media\/49594"}],"wp:attachment":[{"href":"https:\/\/ciudadtrujillo.com\/index.php?rest_route=%2Fwp%2Fv2%2Fmedia&parent=49593"}],"wp:term":[{"taxonomy":"category","embeddable":true,"href":"https:\/\/ciudadtrujillo.com\/index.php?rest_route=%2Fwp%2Fv2%2Fcategories&post=49593"},{"taxonomy":"post_tag","embeddable":true,"href":"https:\/\/ciudadtrujillo.com\/index.php?rest_route=%2Fwp%2Fv2%2Ftags&post=49593"}],"curies":[{"name":"wp","href":"https:\/\/api.w.org\/{rel}","templated":true}]}}