{"id":49590,"date":"2025-12-15T22:48:47","date_gmt":"2025-12-16T02:48:47","guid":{"rendered":"https:\/\/ciudadtrujillo.com\/?p=49590"},"modified":"2025-12-15T22:48:47","modified_gmt":"2025-12-16T02:48:47","slug":"programa-semilleros-cientificos-abordo-a-1-231-estudiantes-en-la-entidad","status":"publish","type":"post","link":"https:\/\/ciudadtrujillo.com\/?p=49590","title":{"rendered":"Programa Semilleros Cient\u00edficos abord\u00f3 a 1.231 estudiantes en la entidad"},"content":{"rendered":"<p style=\"text-align: justify;\">En el estado Trujillo, un total de 1.231 alumnos de educaci\u00f3n media y t\u00e9cnica han sido capacitados por la Fundaci\u00f3n para el Desarrollo de la Ciencia y la Tecnolog\u00eda (Fundacite) y la Fundaci\u00f3n Infocentro en las nueve \u00e1reas del conocimiento cient\u00edfico que establece el Plan de Territorializaci\u00f3n del Programa Nacional Semilleros Cient\u00edficos.<\/p>\n<p style=\"text-align: justify;\">A trav\u00e9s de un bolet\u00edn de prensa se conoci\u00f3 que los estudiantes atendidos durante el mes de diciembre experimentaron a trav\u00e9s de diversas actividades pedag\u00f3gicas la importancia de la ciencia y la tecnolog\u00eda en la vida diaria, as\u00ed como conocieron y manipularon un prototipo de robot, experimentos sobre gravedad, velocidad, reacciones qu\u00edmicas, entre otros.<\/p>\n<p style=\"text-align: justify;\">Entre las instituciones educativas abordadas por el programa nacional Semilleros Cient\u00edficos est\u00e1n el Liceo Ignacio Carrasquero del municipio Escuque, Liceo Rafael Mar\u00eda Urrecheaga de Pamp\u00e1n, el Liceo Pedro Pablo Paredes de la parroquia La Mesa de Esnujaque del municipio Urdaneta, la Escuela T\u00e9cnica Agropecuaria Adolfo Navas Coronado de Pampanito, as\u00ed como los Liceos Jos\u00e9 Antonio Abreu y Crist\u00f3bal Mendoza del municipio Trujillo capital.<\/p>\n<p style=\"text-align: justify;\">\u201cEl objetivo de este plan es transformar el conocimiento en las nuevas generaciones llevando a cabo experiencias interactivas, educativas y altamente motivadoras para los j\u00f3venes estudiantes\u201d, rese\u00f1a el bolet\u00edn.<\/p>\n<p style=\"text-align: justify;\">Durante las jornadas los funcionarios de Fundacite e Infocentro brindan capacitaci\u00f3n en las \u00e1reas de rob\u00f3tica y programaci\u00f3n, ciencias de la computaci\u00f3n, observaci\u00f3n astron\u00f3mica, qu\u00edmica, exploraci\u00f3n en microscopia, matem\u00e1tica, ciencias de la salud, de la producci\u00f3n, ecosocialismo y f\u00edsica.<\/p>\n<p style=\"text-align: justify;\">Es de resaltar que estas actividades son desarrolladas por el Ministerio del poder popular para Ciencia y Tecnolog\u00eda, a trav\u00e9s de Fundacite Trujillo, junto al Ministerio del poder popular para la Educaci\u00f3n en acompa\u00f1amiento del Centro de Desarrollo de la Calidad Educativa y con el apoyo del Centro de Investigaci\u00f3n Jos\u00e9 Witremundo Torrealba del N\u00facleo Universitario Rafael Rangel de la Universidad de Los Andes y el accionar en el territorio de la Fundaci\u00f3n Infocentro.<\/p>\n<p>&nbsp;<\/p>\n<p>&nbsp;<\/p>\n<h6>\u00daltimas Noticias<\/h6>\n","protected":false},"excerpt":{"rendered":"<p>En el estado Trujillo, un total de 1.231 alumnos de educaci\u00f3n media y t\u00e9cnica han sido capacitados por la Fundaci\u00f3n para el Desarrollo de la Ciencia y la Tecnolog\u00eda (Fundacite)&hellip; <\/p>\n","protected":false},"author":7,"featured_media":49591,"comment_status":"closed","ping_status":"closed","sticky":false,"template":"","format":"standard","meta":{"footnotes":""},"categories":[40],"tags":[],"class_list":["post-49590","post","type-post","status-publish","format-standard","has-post-thumbnail","hentry","category-grantrujillo"],"_links":{"self":[{"href":"https:\/\/ciudadtrujillo.com\/index.php?rest_route=\/wp\/v2\/posts\/49590","targetHints":{"allow":["GET"]}}],"collection":[{"href":"https:\/\/ciudadtrujillo.com\/index.php?rest_route=\/wp\/v2\/posts"}],"about":[{"href":"https:\/\/ciudadtrujillo.com\/index.php?rest_route=\/wp\/v2\/types\/post"}],"author":[{"embeddable":true,"href":"https:\/\/ciudadtrujillo.com\/index.php?rest_route=\/wp\/v2\/users\/7"}],"replies":[{"embeddable":true,"href":"https:\/\/ciudadtrujillo.com\/index.php?rest_route=%2Fwp%2Fv2%2Fcomments&post=49590"}],"version-history":[{"count":1,"href":"https:\/\/ciudadtrujillo.com\/index.php?rest_route=\/wp\/v2\/posts\/49590\/revisions"}],"predecessor-version":[{"id":49592,"href":"https:\/\/ciudadtrujillo.com\/index.php?rest_route=\/wp\/v2\/posts\/49590\/revisions\/49592"}],"wp:featuredmedia":[{"embeddable":true,"href":"https:\/\/ciudadtrujillo.com\/index.php?rest_route=\/wp\/v2\/media\/49591"}],"wp:attachment":[{"href":"https:\/\/ciudadtrujillo.com\/index.php?rest_route=%2Fwp%2Fv2%2Fmedia&parent=49590"}],"wp:term":[{"taxonomy":"category","embeddable":true,"href":"https:\/\/ciudadtrujillo.com\/index.php?rest_route=%2Fwp%2Fv2%2Fcategories&post=49590"},{"taxonomy":"post_tag","embeddable":true,"href":"https:\/\/ciudadtrujillo.com\/index.php?rest_route=%2Fwp%2Fv2%2Ftags&post=49590"}],"curies":[{"name":"wp","href":"https:\/\/api.w.org\/{rel}","templated":true}]}}