{"id":49587,"date":"2025-12-15T22:45:05","date_gmt":"2025-12-16T02:45:05","guid":{"rendered":"https:\/\/ciudadtrujillo.com\/?p=49587"},"modified":"2025-12-15T22:45:05","modified_gmt":"2025-12-16T02:45:05","slug":"trujillanos-marchan-por-la-unidad-popular-y-en-defensa-de-la-soberania-nacional","status":"publish","type":"post","link":"https:\/\/ciudadtrujillo.com\/?p=49587","title":{"rendered":"Trujillanos marchan por la unidad popular y en defensa de la soberan\u00eda nacional"},"content":{"rendered":"<p style=\"text-align: justify;\">Este lunes, desde el municipio Valera, se llev\u00f3 a cabo la gran marcha por la unidad popular, la transici\u00f3n al socialismo y por la defensa de la soberan\u00eda nacional, ante los constantes ataques perpetrados por los Estados Unidos. El pueblo trujillano se concentr\u00f3 a las 6:30 PM a la altura de la Unidad Educativa \u00abPadre Blanco\u00bb recorriendo con profundo sentimiento patrio la movilizaci\u00f3n hasta la Av. 16, subiendo el ambulatorio La Paz.<\/p>\n<p style=\"text-align: justify;\">El acto fue propicio para celebrar los 19 a\u00f1os del Partido Socialista Unido de Venezuela nacido al calor de las luchas sociales y la defensa de la independencia heredada del Libertador Sim\u00f3n Bol\u00edvar. Al respecto, el gobernador Gerardo M\u00e1rquez asever\u00f3 que en este d\u00eda emblem\u00e1tico se ratifica la voluntad de ir \u00abdefinitivamente al poder comunal, que es la verdadera transici\u00f3n al socialismo en Venezuela, ese es el camino y la meta\u00bb.<\/p>\n<p style=\"text-align: justify;\">Asimismo, afirm\u00f3: \u00abhoy hemos venido a protestar contra la guerra permanente que nos tiene el imperio norteamericano, que es una guerra psicol\u00f3gica para desgastarnos; pero cada vez que haya una amenaza nosotros vamos a responder con un pueblo en la calle movilizado defendiendo la Revoluci\u00f3n Bolivariana\u00bb.<\/p>\n<p style=\"text-align: justify;\">Mar\u00eda Morillo se\u00f1al\u00f3 que Valera fue escenario de una multitud de pueblo que ha salido a apoyar al Presidente Nicol\u00e1s Maduro \u00abporque nosotros somos unos l\u00edderes que hemos tenido en la Revoluci\u00f3n Bolivariana visibilizaci\u00f3n y queremos paz\u00bb.<\/p>\n<p style=\"text-align: justify;\">Por su parte, Jaqueline Rojo expres\u00f3: \u00abaqu\u00ed estamos rodilla en tierra con el Presidente Maduro, \u00e9l no est\u00e1 solo porque la gente aguerrida lo acompa\u00f1a en esta lucha por la soberan\u00eda y la autodeterminaci\u00f3n de la Patria (&#8230;) \u00a1Venezuela lo que quiere es paz!\u00bb.<\/p>\n<p>&nbsp;<\/p>\n<p>&nbsp;<\/p>\n<h6>Ciudad Trujillo<\/h6>\n","protected":false},"excerpt":{"rendered":"<p>Este lunes, desde el municipio Valera, se llev\u00f3 a cabo la gran marcha por la unidad popular, la transici\u00f3n al socialismo y por la defensa de la soberan\u00eda nacional, ante&hellip; <\/p>\n","protected":false},"author":7,"featured_media":49588,"comment_status":"closed","ping_status":"closed","sticky":false,"template":"","format":"standard","meta":{"footnotes":""},"categories":[40],"tags":[],"class_list":["post-49587","post","type-post","status-publish","format-standard","has-post-thumbnail","hentry","category-grantrujillo"],"_links":{"self":[{"href":"https:\/\/ciudadtrujillo.com\/index.php?rest_route=\/wp\/v2\/posts\/49587","targetHints":{"allow":["GET"]}}],"collection":[{"href":"https:\/\/ciudadtrujillo.com\/index.php?rest_route=\/wp\/v2\/posts"}],"about":[{"href":"https:\/\/ciudadtrujillo.com\/index.php?rest_route=\/wp\/v2\/types\/post"}],"author":[{"embeddable":true,"href":"https:\/\/ciudadtrujillo.com\/index.php?rest_route=\/wp\/v2\/users\/7"}],"replies":[{"embeddable":true,"href":"https:\/\/ciudadtrujillo.com\/index.php?rest_route=%2Fwp%2Fv2%2Fcomments&post=49587"}],"version-history":[{"count":1,"href":"https:\/\/ciudadtrujillo.com\/index.php?rest_route=\/wp\/v2\/posts\/49587\/revisions"}],"predecessor-version":[{"id":49589,"href":"https:\/\/ciudadtrujillo.com\/index.php?rest_route=\/wp\/v2\/posts\/49587\/revisions\/49589"}],"wp:featuredmedia":[{"embeddable":true,"href":"https:\/\/ciudadtrujillo.com\/index.php?rest_route=\/wp\/v2\/media\/49588"}],"wp:attachment":[{"href":"https:\/\/ciudadtrujillo.com\/index.php?rest_route=%2Fwp%2Fv2%2Fmedia&parent=49587"}],"wp:term":[{"taxonomy":"category","embeddable":true,"href":"https:\/\/ciudadtrujillo.com\/index.php?rest_route=%2Fwp%2Fv2%2Fcategories&post=49587"},{"taxonomy":"post_tag","embeddable":true,"href":"https:\/\/ciudadtrujillo.com\/index.php?rest_route=%2Fwp%2Fv2%2Ftags&post=49587"}],"curies":[{"name":"wp","href":"https:\/\/api.w.org\/{rel}","templated":true}]}}