{"id":49542,"date":"2025-12-14T20:35:51","date_gmt":"2025-12-15T00:35:51","guid":{"rendered":"https:\/\/ciudadtrujillo.com\/?p=49542"},"modified":"2025-12-14T20:35:51","modified_gmt":"2025-12-15T00:35:51","slug":"mas-de-40-mil-personas-disfrutaron-en-valera-de-la-ruta-live-de-la-rumba","status":"publish","type":"post","link":"https:\/\/ciudadtrujillo.com\/?p=49542","title":{"rendered":"M\u00e1s de 40 mil personas disfrutaron en Valera de la Ruta Live de la Rumba"},"content":{"rendered":"<div dir=\"auto\">La Ruta Live de la Rumba 2025 lleg\u00f3 nuevamente al municipio Valera para regalar alegr\u00eda al pueblo de Trujillo en esta \u00e9poca decembrina. El gobernador Gerardo M\u00e1rquez inform\u00f3 que m\u00e1s de 40 mil personas disfrutaron de este espect\u00e1culo enviado por el Presidente Nicol\u00e1s Maduro para el disfrute de todos.<\/div>\n<div dir=\"auto\"><\/div>\n<div dir=\"auto\">\u00abHemos sido un estado muy privilegiado y agradezco en nombre del pueblo de Trujillo todo este apoyo que se nos ha dado (&#8230;) en estas navidades felices esta es la Venezuela que queremos, en paz y tranquilidad\u00bb, exclam\u00f3.<\/div>\n<div dir=\"auto\"><\/div>\n<div dir=\"auto\"><\/div>\n<div dir=\"auto\">Por su parte, la primera combatiente Reyna P\u00e9rez de M\u00e1rquez, enfatiz\u00f3 que desde la entidad trujillana se le demuestra una vez m\u00e1s al mundo \u00abque somos un pueblo de paz\u00bb, al tiempo que invit\u00f3 a las familias a vivir en uni\u00f3n y hermandad est\u00e1 \u00e9poca navide\u00f1a.<\/div>\n<div dir=\"auto\"><\/div>\n<div dir=\"auto\">La Av. Bol\u00edvar de Valera se llen\u00f3 de brillo, color y emoci\u00f3n con las presentaci\u00f3n de diversos grupos musicales y artistas de talla regional, nacional e internacional, amenizando la noche al ritmo de gaitas, m\u00fasica bailable y un espect\u00e1culo para el disfrute de todos.<\/div>\n<div dir=\"auto\"><\/div>\n<div dir=\"auto\"><strong><em>Ciudad Trujillo\u00a0<\/em><\/strong><\/div>\n<div class=\"yj6qo\"><\/div>\n<div class=\"adL\" dir=\"auto\"><\/div>\n<div class=\"adL\" dir=\"auto\"><\/div>\n","protected":false},"excerpt":{"rendered":"<p>La Ruta Live de la Rumba 2025 lleg\u00f3 nuevamente al municipio Valera para regalar alegr\u00eda al pueblo de Trujillo en esta \u00e9poca decembrina. El gobernador Gerardo M\u00e1rquez inform\u00f3 que m\u00e1s&hellip; <\/p>\n","protected":false},"author":7,"featured_media":49543,"comment_status":"closed","ping_status":"closed","sticky":false,"template":"","format":"standard","meta":{"footnotes":""},"categories":[52,40],"tags":[],"class_list":["post-49542","post","type-post","status-publish","format-standard","has-post-thumbnail","hentry","category-destacadas","category-grantrujillo"],"_links":{"self":[{"href":"https:\/\/ciudadtrujillo.com\/index.php?rest_route=\/wp\/v2\/posts\/49542","targetHints":{"allow":["GET"]}}],"collection":[{"href":"https:\/\/ciudadtrujillo.com\/index.php?rest_route=\/wp\/v2\/posts"}],"about":[{"href":"https:\/\/ciudadtrujillo.com\/index.php?rest_route=\/wp\/v2\/types\/post"}],"author":[{"embeddable":true,"href":"https:\/\/ciudadtrujillo.com\/index.php?rest_route=\/wp\/v2\/users\/7"}],"replies":[{"embeddable":true,"href":"https:\/\/ciudadtrujillo.com\/index.php?rest_route=%2Fwp%2Fv2%2Fcomments&post=49542"}],"version-history":[{"count":1,"href":"https:\/\/ciudadtrujillo.com\/index.php?rest_route=\/wp\/v2\/posts\/49542\/revisions"}],"predecessor-version":[{"id":49544,"href":"https:\/\/ciudadtrujillo.com\/index.php?rest_route=\/wp\/v2\/posts\/49542\/revisions\/49544"}],"wp:featuredmedia":[{"embeddable":true,"href":"https:\/\/ciudadtrujillo.com\/index.php?rest_route=\/wp\/v2\/media\/49543"}],"wp:attachment":[{"href":"https:\/\/ciudadtrujillo.com\/index.php?rest_route=%2Fwp%2Fv2%2Fmedia&parent=49542"}],"wp:term":[{"taxonomy":"category","embeddable":true,"href":"https:\/\/ciudadtrujillo.com\/index.php?rest_route=%2Fwp%2Fv2%2Fcategories&post=49542"},{"taxonomy":"post_tag","embeddable":true,"href":"https:\/\/ciudadtrujillo.com\/index.php?rest_route=%2Fwp%2Fv2%2Ftags&post=49542"}],"curies":[{"name":"wp","href":"https:\/\/api.w.org\/{rel}","templated":true}]}}