{"id":49539,"date":"2025-12-14T20:27:46","date_gmt":"2025-12-15T00:27:46","guid":{"rendered":"https:\/\/ciudadtrujillo.com\/?p=49539"},"modified":"2025-12-14T20:27:46","modified_gmt":"2025-12-15T00:27:46","slug":"paraatletismo-aporto-oro-y-bronce-a-trujillo-en-los-judenacom","status":"publish","type":"post","link":"https:\/\/ciudadtrujillo.com\/?p=49539","title":{"rendered":"Paraatletismo aport\u00f3 oro y bronce a Trujillo en los Judenacom"},"content":{"rendered":"<p style=\"text-align: justify;\">Senda medalla de oro, la n\u00famero 11 para la delegaci\u00f3n del estado Trujillo, m\u00e1s una de bronce, es el aporte que hizo el paraatletismo en la jornada de este domingo en Judenacom 2025.<\/p>\n<p style=\"text-align: justify;\">Febe Uzcategui, ni\u00f1a de discapacidad auditiva se colg\u00f3 la presea de oro en lanzamiento de pelota. Luego Brianyerly Gudi\u00f1o en 60 metros planos, se hizo con medalla de bronce.<\/p>\n<p>&nbsp;<\/p>\n<h6>Miguel \u00c1ngel Albarr\u00e1n<br \/>\nGr\u00e1ficas: Cortes\u00eda<\/h6>\n","protected":false},"excerpt":{"rendered":"<p>Senda medalla de oro, la n\u00famero 11 para la delegaci\u00f3n del estado Trujillo, m\u00e1s una de bronce, es el aporte que hizo el paraatletismo en la jornada de este domingo&hellip; <\/p>\n","protected":false},"author":7,"featured_media":49540,"comment_status":"closed","ping_status":"closed","sticky":false,"template":"","format":"standard","meta":{"footnotes":""},"categories":[44],"tags":[],"class_list":["post-49539","post","type-post","status-publish","format-standard","has-post-thumbnail","hentry","category-deportes"],"_links":{"self":[{"href":"https:\/\/ciudadtrujillo.com\/index.php?rest_route=\/wp\/v2\/posts\/49539","targetHints":{"allow":["GET"]}}],"collection":[{"href":"https:\/\/ciudadtrujillo.com\/index.php?rest_route=\/wp\/v2\/posts"}],"about":[{"href":"https:\/\/ciudadtrujillo.com\/index.php?rest_route=\/wp\/v2\/types\/post"}],"author":[{"embeddable":true,"href":"https:\/\/ciudadtrujillo.com\/index.php?rest_route=\/wp\/v2\/users\/7"}],"replies":[{"embeddable":true,"href":"https:\/\/ciudadtrujillo.com\/index.php?rest_route=%2Fwp%2Fv2%2Fcomments&post=49539"}],"version-history":[{"count":1,"href":"https:\/\/ciudadtrujillo.com\/index.php?rest_route=\/wp\/v2\/posts\/49539\/revisions"}],"predecessor-version":[{"id":49541,"href":"https:\/\/ciudadtrujillo.com\/index.php?rest_route=\/wp\/v2\/posts\/49539\/revisions\/49541"}],"wp:featuredmedia":[{"embeddable":true,"href":"https:\/\/ciudadtrujillo.com\/index.php?rest_route=\/wp\/v2\/media\/49540"}],"wp:attachment":[{"href":"https:\/\/ciudadtrujillo.com\/index.php?rest_route=%2Fwp%2Fv2%2Fmedia&parent=49539"}],"wp:term":[{"taxonomy":"category","embeddable":true,"href":"https:\/\/ciudadtrujillo.com\/index.php?rest_route=%2Fwp%2Fv2%2Fcategories&post=49539"},{"taxonomy":"post_tag","embeddable":true,"href":"https:\/\/ciudadtrujillo.com\/index.php?rest_route=%2Fwp%2Fv2%2Ftags&post=49539"}],"curies":[{"name":"wp","href":"https:\/\/api.w.org\/{rel}","templated":true}]}}