{"id":49536,"date":"2025-12-14T20:24:03","date_gmt":"2025-12-15T00:24:03","guid":{"rendered":"https:\/\/ciudadtrujillo.com\/?p=49536"},"modified":"2025-12-14T20:24:03","modified_gmt":"2025-12-15T00:24:03","slug":"confirman-dos-muertos-y-ocho-heridos-tras-tiroteo-en-universidad-de-eeuu","status":"publish","type":"post","link":"https:\/\/ciudadtrujillo.com\/?p=49536","title":{"rendered":"Confirman dos muertos y ocho heridos tras tiroteo en universidad de EEUU"},"content":{"rendered":"<p>Dos personas murieron y otras ocho resultaron heridas tras un tiroteo ocurrido en la tarde del s\u00e1bado en el campus de la Universidad de Brown en la ciudad estadounidense de Providence, estado de Rhode Island.<\/p>\n<p>\u00abLamentamos mucho informar que hemos confirmado la muerte de dos v\u00edctimas del tiroteo en el edificio de ingenier\u00eda Barus &amp; Holley. Hay ocho v\u00edctimas m\u00e1s en estado cr\u00edtico, pero estable, en el hospital\u00bb, inform\u00f3 la universidad a trav\u00e9s de su cuenta en la red social X.<\/p>\n<p>A\u00f1adi\u00f3 que el autor o autores del tiroteo todav\u00eda no han sido detenidos, pero asegur\u00f3 que las fuerzas del orden se mantienen activas en la zona.<\/p>\n<p>Por su parte, el subjefe del Departamento de Polic\u00eda de Providence, Timothy O\u2019Hara, declar\u00f3 a la prensa que desconocen c\u00f3mo el individuo ingres\u00f3 al campus, pero afirmaron que pudo salir despu\u00e9s del tiroteo.<\/p>\n<p>&nbsp;<\/p>\n<h6>\u00daN<\/h6>\n","protected":false},"excerpt":{"rendered":"<p>Dos personas murieron y otras ocho resultaron heridas tras un tiroteo ocurrido en la tarde del s\u00e1bado en el campus de la Universidad de Brown en la ciudad estadounidense de&hellip; <\/p>\n","protected":false},"author":7,"featured_media":49537,"comment_status":"closed","ping_status":"closed","sticky":false,"template":"","format":"standard","meta":{"footnotes":""},"categories":[42],"tags":[],"class_list":["post-49536","post","type-post","status-publish","format-standard","has-post-thumbnail","hentry","category-mundo"],"_links":{"self":[{"href":"https:\/\/ciudadtrujillo.com\/index.php?rest_route=\/wp\/v2\/posts\/49536","targetHints":{"allow":["GET"]}}],"collection":[{"href":"https:\/\/ciudadtrujillo.com\/index.php?rest_route=\/wp\/v2\/posts"}],"about":[{"href":"https:\/\/ciudadtrujillo.com\/index.php?rest_route=\/wp\/v2\/types\/post"}],"author":[{"embeddable":true,"href":"https:\/\/ciudadtrujillo.com\/index.php?rest_route=\/wp\/v2\/users\/7"}],"replies":[{"embeddable":true,"href":"https:\/\/ciudadtrujillo.com\/index.php?rest_route=%2Fwp%2Fv2%2Fcomments&post=49536"}],"version-history":[{"count":1,"href":"https:\/\/ciudadtrujillo.com\/index.php?rest_route=\/wp\/v2\/posts\/49536\/revisions"}],"predecessor-version":[{"id":49538,"href":"https:\/\/ciudadtrujillo.com\/index.php?rest_route=\/wp\/v2\/posts\/49536\/revisions\/49538"}],"wp:featuredmedia":[{"embeddable":true,"href":"https:\/\/ciudadtrujillo.com\/index.php?rest_route=\/wp\/v2\/media\/49537"}],"wp:attachment":[{"href":"https:\/\/ciudadtrujillo.com\/index.php?rest_route=%2Fwp%2Fv2%2Fmedia&parent=49536"}],"wp:term":[{"taxonomy":"category","embeddable":true,"href":"https:\/\/ciudadtrujillo.com\/index.php?rest_route=%2Fwp%2Fv2%2Fcategories&post=49536"},{"taxonomy":"post_tag","embeddable":true,"href":"https:\/\/ciudadtrujillo.com\/index.php?rest_route=%2Fwp%2Fv2%2Ftags&post=49536"}],"curies":[{"name":"wp","href":"https:\/\/api.w.org\/{rel}","templated":true}]}}