{"id":49533,"date":"2025-12-14T20:21:42","date_gmt":"2025-12-15T00:21:42","guid":{"rendered":"https:\/\/ciudadtrujillo.com\/?p=49533"},"modified":"2025-12-14T20:21:42","modified_gmt":"2025-12-15T00:21:42","slug":"venezuela-agradece-contundente-declaracion-de-iran-contra-pirateria-de-ee-uu","status":"publish","type":"post","link":"https:\/\/ciudadtrujillo.com\/?p=49533","title":{"rendered":"Venezuela agradece contundente declaraci\u00f3n de Ir\u00e1n contra pirater\u00eda de EE.UU."},"content":{"rendered":"<p style=\"text-align: justify;\">\u201cEn nombre del presidente Nicol\u00e1s Maduro, extendemos un saludo Bolivariano a Ir\u00e1n y expresamos nuestro agradecimiento por su firme rechazo al asalto perpetrado por el Ej\u00e9rcito de Estados Unidos contra un buque mercante cargado de petr\u00f3leo venezolano, bajo \u00f3rdenes de la actual administraci\u00f3n estadounidense\u201d, anunci\u00f3 el canciller de la Rep\u00fablica Bolivariana, Iv\u00e1n Gil, tras la contundente declaraci\u00f3n de la naci\u00f3n isl\u00e1mica a trav\u00e9s del portavoz de la diplomacia persa.<\/p>\n<p style=\"text-align: justify;\">Gil, a trav\u00e9s de un mensaje en su cuenta oficial de Instagram, inform\u00f3 que Ir\u00e1n, mediante el portavoz del Ministerio de Asuntos Exteriores, Ismail Baghaei, ha respaldado la ilegal pirater\u00eda mar\u00edtima de EE.UU. en el Mar Caribe, que Venezuela y todas las naciones comprometidas con el derecho internacional han denunciado al mundo.<\/p>\n<p style=\"text-align: justify;\">El vocero iran\u00ed alert\u00f3 que las acusaciones de EE.UU. contra Venezuela carecen de pruebas y la pr\u00e1ctica que llevan a cabo los estadounidenses solo busca \u201ccrear pretexto para justificar sus acciones il\u00edcitas a nivel internacional\u201d.<\/p>\n<p style=\"text-align: justify;\">\u201cLa acci\u00f3n de Estados Unidos contra el petrolero venezolano carece de cualquier base o legitimidad en el derecho internacional, y no es m\u00e1s que el ejercicio de la fuerza coercitiva y el matonismo institucionalizado a nivel global\u201d, dijo el representante iran\u00ed en un video que adjunt\u00f3 el Canciller Gil en su mensaje.<\/p>\n<p style=\"text-align: justify;\">El vocero persa advirti\u00f3 que, en el derecho internacional, lo hecho por las fuerzas de EE.UU. constituyen un claro delito, y no es admisible alegar leyes internas propias para cometer un crimen internacional, no confieren en modo alguno legitimidad \u201cy es un claro ejemplo de pirater\u00eda mar\u00edtima y robo armado en altamar como ya hemos mencionado anteriormente\u201d, agreg\u00f3 Baghaei.<\/p>\n<p style=\"text-align: justify;\">\u201cSi estas violaciones de la ley internacional se convierten en una pr\u00e1ctica habitual y un patr\u00f3n de conducta, todos los pa\u00edses y la comunidad internacional en su conjunto, resultar\u00e1n perjudicados por ello\u201d, sentenci\u00f3, contundente, el diplom\u00e1tico iran\u00ed, al exhortar a los gobiernos y organismos internacionales condenar realmente la acci\u00f3n de Estados Unidos como una violaci\u00f3n flagrante el derecho internacional.<\/p>\n<p style=\"text-align: justify;\">El canciller venezolano cerr\u00f3 su mensaje denunciando, una vez m\u00e1s, que Estados Unidos no posee ni el derecho ni la jurisdicci\u00f3n para invocar sus leyes internas y sus bloqueos ilegales contra el comercio y las econom\u00edas de otros pa\u00edses para justificar actos de pirater\u00eda y ejecuciones extrajudiciales en aguas del Mar Caribe.<\/p>\n<p>&nbsp;<\/p>\n<p>&nbsp;<\/p>\n<h6>VTV<br \/>\nGr\u00e1ficas: Cortes\u00eda<\/h6>\n","protected":false},"excerpt":{"rendered":"<p>\u201cEn nombre del presidente Nicol\u00e1s Maduro, extendemos un saludo Bolivariano a Ir\u00e1n y expresamos nuestro agradecimiento por su firme rechazo al asalto perpetrado por el Ej\u00e9rcito de Estados Unidos contra&hellip; <\/p>\n","protected":false},"author":7,"featured_media":49534,"comment_status":"closed","ping_status":"closed","sticky":false,"template":"","format":"standard","meta":{"footnotes":""},"categories":[41],"tags":[],"class_list":["post-49533","post","type-post","status-publish","format-standard","has-post-thumbnail","hentry","category-pais"],"_links":{"self":[{"href":"https:\/\/ciudadtrujillo.com\/index.php?rest_route=\/wp\/v2\/posts\/49533","targetHints":{"allow":["GET"]}}],"collection":[{"href":"https:\/\/ciudadtrujillo.com\/index.php?rest_route=\/wp\/v2\/posts"}],"about":[{"href":"https:\/\/ciudadtrujillo.com\/index.php?rest_route=\/wp\/v2\/types\/post"}],"author":[{"embeddable":true,"href":"https:\/\/ciudadtrujillo.com\/index.php?rest_route=\/wp\/v2\/users\/7"}],"replies":[{"embeddable":true,"href":"https:\/\/ciudadtrujillo.com\/index.php?rest_route=%2Fwp%2Fv2%2Fcomments&post=49533"}],"version-history":[{"count":1,"href":"https:\/\/ciudadtrujillo.com\/index.php?rest_route=\/wp\/v2\/posts\/49533\/revisions"}],"predecessor-version":[{"id":49535,"href":"https:\/\/ciudadtrujillo.com\/index.php?rest_route=\/wp\/v2\/posts\/49533\/revisions\/49535"}],"wp:featuredmedia":[{"embeddable":true,"href":"https:\/\/ciudadtrujillo.com\/index.php?rest_route=\/wp\/v2\/media\/49534"}],"wp:attachment":[{"href":"https:\/\/ciudadtrujillo.com\/index.php?rest_route=%2Fwp%2Fv2%2Fmedia&parent=49533"}],"wp:term":[{"taxonomy":"category","embeddable":true,"href":"https:\/\/ciudadtrujillo.com\/index.php?rest_route=%2Fwp%2Fv2%2Fcategories&post=49533"},{"taxonomy":"post_tag","embeddable":true,"href":"https:\/\/ciudadtrujillo.com\/index.php?rest_route=%2Fwp%2Fv2%2Ftags&post=49533"}],"curies":[{"name":"wp","href":"https:\/\/api.w.org\/{rel}","templated":true}]}}