{"id":49437,"date":"2025-12-09T22:24:21","date_gmt":"2025-12-10T02:24:21","guid":{"rendered":"https:\/\/ciudadtrujillo.com\/?p=49437"},"modified":"2025-12-09T22:55:23","modified_gmt":"2025-12-10T02:55:23","slug":"la-primera-medalla-de-trujillo-es-dorada","status":"publish","type":"post","link":"https:\/\/ciudadtrujillo.com\/?p=49437","title":{"rendered":"Alejandro Gudi\u00f1o de Karate Do logra primera presea de oro para Trujillo"},"content":{"rendered":"<div id=\":mr\" class=\"ii gt\">\n<div id=\":ms\" class=\"a3s aiL\">\n<div id=\"avWBGd-899\">\n<div dir=\"auto\">\n<div dir=\"auto\" style=\"text-align: justify;\">Este martes, el Domo Bolivariano de Valera fue escenario de combate con el desarrollo de la disciplina de Karate Do en los Juegos Deportivos Nacionales Comunales 2025. En esta contienda result\u00f3 ganador de la medalla de oro el bocon\u00e9s Alejandro Gudi\u00f1o de la delegaci\u00f3n trujillana en la categor\u00eda +45kg masculino.<\/div>\n<div dir=\"auto\" style=\"text-align: justify;\">\n<div dir=\"auto\"><\/div>\n<div dir=\"auto\">El presidente de la Asociaci\u00f3n Trujillana de Karate Do, Shijan Dixon Brice\u00f1o, recalc\u00f3 que este triunfo es producto de la preparaci\u00f3n de los competidores. \u00abEs una gran satisfacci\u00f3n que un atleta, en su primera competencia federativa, logre un reto porque se trata de un ni\u00f1o de masificaci\u00f3n y se encuentra en el tatami en su segundo combate al primero en el ranking nacional y campe\u00f3n sudamericano, luego decide el pase a la medalla de oro con el tercero del ranking nacional\u00bb, exalt\u00f3.<\/div>\n<div dir=\"auto\"><\/div>\n<div dir=\"auto\">El atleta Alejandro Gudi\u00f1o dedic\u00f3 el triunfo a la Federaci\u00f3n Venezolana de Karate Do. \u00abEstoy muy emocionado porque hubo mucho esfuerzo implicado y agradezco a todos los sensei por su apoyo emocional y por estar siempre presente\u00bb.<\/div>\n<\/div>\n<\/div>\n<div class=\"yj6qo\" style=\"text-align: justify;\"><\/div>\n<div class=\"adL\" style=\"text-align: justify;\"><\/div>\n<\/div>\n<\/div>\n<\/div>\n<div id=\":zc\" class=\"hq gt\" style=\"text-align: justify;\"><\/div>\n<div><\/div>\n<div><\/div>\n<h6>Ciudad Trujillo<\/h6>\n","protected":false},"excerpt":{"rendered":"<p>Este martes, el Domo Bolivariano de Valera fue escenario de combate con el desarrollo de la disciplina de Karate Do en los Juegos Deportivos Nacionales Comunales 2025. En esta contienda&hellip; <\/p>\n","protected":false},"author":7,"featured_media":49438,"comment_status":"closed","ping_status":"closed","sticky":false,"template":"","format":"standard","meta":{"footnotes":""},"categories":[44],"tags":[],"class_list":["post-49437","post","type-post","status-publish","format-standard","has-post-thumbnail","hentry","category-deportes"],"_links":{"self":[{"href":"https:\/\/ciudadtrujillo.com\/index.php?rest_route=\/wp\/v2\/posts\/49437","targetHints":{"allow":["GET"]}}],"collection":[{"href":"https:\/\/ciudadtrujillo.com\/index.php?rest_route=\/wp\/v2\/posts"}],"about":[{"href":"https:\/\/ciudadtrujillo.com\/index.php?rest_route=\/wp\/v2\/types\/post"}],"author":[{"embeddable":true,"href":"https:\/\/ciudadtrujillo.com\/index.php?rest_route=\/wp\/v2\/users\/7"}],"replies":[{"embeddable":true,"href":"https:\/\/ciudadtrujillo.com\/index.php?rest_route=%2Fwp%2Fv2%2Fcomments&post=49437"}],"version-history":[{"count":2,"href":"https:\/\/ciudadtrujillo.com\/index.php?rest_route=\/wp\/v2\/posts\/49437\/revisions"}],"predecessor-version":[{"id":49462,"href":"https:\/\/ciudadtrujillo.com\/index.php?rest_route=\/wp\/v2\/posts\/49437\/revisions\/49462"}],"wp:featuredmedia":[{"embeddable":true,"href":"https:\/\/ciudadtrujillo.com\/index.php?rest_route=\/wp\/v2\/media\/49438"}],"wp:attachment":[{"href":"https:\/\/ciudadtrujillo.com\/index.php?rest_route=%2Fwp%2Fv2%2Fmedia&parent=49437"}],"wp:term":[{"taxonomy":"category","embeddable":true,"href":"https:\/\/ciudadtrujillo.com\/index.php?rest_route=%2Fwp%2Fv2%2Fcategories&post=49437"},{"taxonomy":"post_tag","embeddable":true,"href":"https:\/\/ciudadtrujillo.com\/index.php?rest_route=%2Fwp%2Fv2%2Ftags&post=49437"}],"curies":[{"name":"wp","href":"https:\/\/api.w.org\/{rel}","templated":true}]}}