{"id":49424,"date":"2025-12-08T22:38:09","date_gmt":"2025-12-09T02:38:09","guid":{"rendered":"https:\/\/ciudadtrujillo.com\/?p=49424"},"modified":"2025-12-08T22:38:09","modified_gmt":"2025-12-09T02:38:09","slug":"ven-911-del-estado-recibe-dotacion-para-fortalecer-operatividad","status":"publish","type":"post","link":"https:\/\/ciudadtrujillo.com\/?p=49424","title":{"rendered":"VEN 911 del estado recibe dotaci\u00f3n para fortalecer operatividad"},"content":{"rendered":"<p style=\"text-align: justify;\">El Centro de Comando Control y Telecomunicaciones VEN 911 Trujillo ha dado un paso significativo en el fortalecimiento de su capacidad de respuesta y en la dignificaci\u00f3n de su talento humano, tras recibir una importante dotaci\u00f3n de equipos e insumos esenciales para mejorar las condiciones laborales, la operatividad y el bienestar general de su personal.<\/p>\n<p style=\"text-align: justify;\">Esta acci\u00f3n estrat\u00e9gica, impulsada por el Gobierno Bolivariano a trav\u00e9s del Ministerio del Poder Popular para Relaciones Interiores, Justicia y Paz (MPPRIJP), subraya el compromiso de reconocer y dignificar a los hombres y mujeres que conforman la primera l\u00ednea de respuesta para garantizar la seguridad y la atenci\u00f3n de emergencias del pueblo trujillano.<\/p>\n<p style=\"text-align: justify;\">La entrega a nivel nacional estuvo a cargo del G\/D Neptal\u00ed Rodr\u00edguez G\u00f3mez, Director General de los Centros de Comando, Control y Telecomunicaciones VEN 9-1-1, y en el estado, fue formalizada por el Director del VEN 911 Trujillo, Comisario Lcdo. Jos\u00e9 Alexander Escalona D\u00edaz.<\/p>\n<p style=\"text-align: justify;\">La dotaci\u00f3n, que incluye dos motocicletas para la Unidad de Respuesta Inmediata, bolso de primeros auxilios, colchones, camas, lencer\u00eda, herramientas, equipos tecnol\u00f3gicos, electrodom\u00e9sticos, toldo y banderolas , est\u00e1 dise\u00f1ada para optimizar la eficiencia operativa y crear ambientes de trabajo adecuados.<\/p>\n<p style=\"text-align: justify;\">El Comisario Escalona D\u00edaz destac\u00f3 que esta iniciativa viene a complementar el gran apoyo recibido por el ciudadano Gobernador del Estado, My. Gerardo M\u00e1rquez, cuya gesti\u00f3n ha sido fundamental para generar las condiciones necesarias que permitan a los funcionarios mejorar la calidad del servicio y la capacidad de respuesta inmediata a la ciudadan\u00eda trujillana.<\/p>\n<p style=\"text-align: justify;\">Esta inversi\u00f3n en log\u00edstica y bienestar es una muestra clara del esfuerzo mancomunado entre el Gobierno Nacional y el Ejecutivo Regional para asegurar que el personal del VEN 911 Trujillo, cuente con las herramientas y el entorno adecuado para desempe\u00f1ar su crucial rol en la seguridad y protecci\u00f3n ciudadana.<\/p>\n<p>&nbsp;<\/p>\n<p>&nbsp;<\/p>\n<h6>Prensa VEN 911 Trujillo<\/h6>\n","protected":false},"excerpt":{"rendered":"<p>El Centro de Comando Control y Telecomunicaciones VEN 911 Trujillo ha dado un paso significativo en el fortalecimiento de su capacidad de respuesta y en la dignificaci\u00f3n de su talento&hellip; <\/p>\n","protected":false},"author":7,"featured_media":49425,"comment_status":"closed","ping_status":"closed","sticky":false,"template":"","format":"standard","meta":{"footnotes":""},"categories":[40],"tags":[],"class_list":["post-49424","post","type-post","status-publish","format-standard","has-post-thumbnail","hentry","category-grantrujillo"],"_links":{"self":[{"href":"https:\/\/ciudadtrujillo.com\/index.php?rest_route=\/wp\/v2\/posts\/49424","targetHints":{"allow":["GET"]}}],"collection":[{"href":"https:\/\/ciudadtrujillo.com\/index.php?rest_route=\/wp\/v2\/posts"}],"about":[{"href":"https:\/\/ciudadtrujillo.com\/index.php?rest_route=\/wp\/v2\/types\/post"}],"author":[{"embeddable":true,"href":"https:\/\/ciudadtrujillo.com\/index.php?rest_route=\/wp\/v2\/users\/7"}],"replies":[{"embeddable":true,"href":"https:\/\/ciudadtrujillo.com\/index.php?rest_route=%2Fwp%2Fv2%2Fcomments&post=49424"}],"version-history":[{"count":1,"href":"https:\/\/ciudadtrujillo.com\/index.php?rest_route=\/wp\/v2\/posts\/49424\/revisions"}],"predecessor-version":[{"id":49426,"href":"https:\/\/ciudadtrujillo.com\/index.php?rest_route=\/wp\/v2\/posts\/49424\/revisions\/49426"}],"wp:featuredmedia":[{"embeddable":true,"href":"https:\/\/ciudadtrujillo.com\/index.php?rest_route=\/wp\/v2\/media\/49425"}],"wp:attachment":[{"href":"https:\/\/ciudadtrujillo.com\/index.php?rest_route=%2Fwp%2Fv2%2Fmedia&parent=49424"}],"wp:term":[{"taxonomy":"category","embeddable":true,"href":"https:\/\/ciudadtrujillo.com\/index.php?rest_route=%2Fwp%2Fv2%2Fcategories&post=49424"},{"taxonomy":"post_tag","embeddable":true,"href":"https:\/\/ciudadtrujillo.com\/index.php?rest_route=%2Fwp%2Fv2%2Ftags&post=49424"}],"curies":[{"name":"wp","href":"https:\/\/api.w.org\/{rel}","templated":true}]}}