{"id":49421,"date":"2025-12-08T22:36:26","date_gmt":"2025-12-09T02:36:26","guid":{"rendered":"https:\/\/ciudadtrujillo.com\/?p=49421"},"modified":"2025-12-08T22:36:26","modified_gmt":"2025-12-09T02:36:26","slug":"ejecutan-trabajos-de-asfaltado-en-terminal-de-pasajeros-de-valera","status":"publish","type":"post","link":"https:\/\/ciudadtrujillo.com\/?p=49421","title":{"rendered":"Ejecutan trabajos de asfaltado en terminal de pasajeros de Valera"},"content":{"rendered":"<p style=\"text-align: justify;\">Para seguir rescatando diferentes espacios p\u00fablicos donde se prestan servicios al pueblo, la Alcald\u00eda Comunal de Valera arranc\u00f3 trabajos de pavimentaci\u00f3n en el terminal de pasajeros, en conjunto con el gobierno estadal a trav\u00e9s de la Empresa del Asfalto de Trujillo (Emastru).<\/p>\n<p style=\"text-align: justify;\">Ser\u00e1n colocadas entre bacheo y carpeta corrida alrededor de 200 toneladas de asfalto en una primera fase, en diferentes \u00e1reas del mencionado centro de transporte, que es el principal y de mayor movilidad del estado.<\/p>\n<p style=\"text-align: justify;\">Con estas acciones que est\u00e1n previstas ejecutarlas en tres fases, se busca acondicionar las diferentes \u00e1reas del lugar para mayor comodidad de los usuarios, transportistas y dem\u00e1s personas que all\u00ed laboran y hacen vida activa.<\/p>\n<p style=\"text-align: justify;\">Vale destacar el apoyo del gobernador Gerardo M\u00e1rquez que viene trabajando de la mano con el alcalde Alfredy Moreno para lograr el renacer de Valera y el bienestar de los valeranos.<\/p>\n<p>&nbsp;<\/p>\n<p>&nbsp;<\/p>\n<h6>Prensa Alcald\u00eda Comunal de Valera<\/h6>\n","protected":false},"excerpt":{"rendered":"<p>Para seguir rescatando diferentes espacios p\u00fablicos donde se prestan servicios al pueblo, la Alcald\u00eda Comunal de Valera arranc\u00f3 trabajos de pavimentaci\u00f3n en el terminal de pasajeros, en conjunto con el&hellip; <\/p>\n","protected":false},"author":7,"featured_media":49422,"comment_status":"closed","ping_status":"closed","sticky":false,"template":"","format":"standard","meta":{"footnotes":""},"categories":[40],"tags":[],"class_list":["post-49421","post","type-post","status-publish","format-standard","has-post-thumbnail","hentry","category-grantrujillo"],"_links":{"self":[{"href":"https:\/\/ciudadtrujillo.com\/index.php?rest_route=\/wp\/v2\/posts\/49421","targetHints":{"allow":["GET"]}}],"collection":[{"href":"https:\/\/ciudadtrujillo.com\/index.php?rest_route=\/wp\/v2\/posts"}],"about":[{"href":"https:\/\/ciudadtrujillo.com\/index.php?rest_route=\/wp\/v2\/types\/post"}],"author":[{"embeddable":true,"href":"https:\/\/ciudadtrujillo.com\/index.php?rest_route=\/wp\/v2\/users\/7"}],"replies":[{"embeddable":true,"href":"https:\/\/ciudadtrujillo.com\/index.php?rest_route=%2Fwp%2Fv2%2Fcomments&post=49421"}],"version-history":[{"count":1,"href":"https:\/\/ciudadtrujillo.com\/index.php?rest_route=\/wp\/v2\/posts\/49421\/revisions"}],"predecessor-version":[{"id":49423,"href":"https:\/\/ciudadtrujillo.com\/index.php?rest_route=\/wp\/v2\/posts\/49421\/revisions\/49423"}],"wp:featuredmedia":[{"embeddable":true,"href":"https:\/\/ciudadtrujillo.com\/index.php?rest_route=\/wp\/v2\/media\/49422"}],"wp:attachment":[{"href":"https:\/\/ciudadtrujillo.com\/index.php?rest_route=%2Fwp%2Fv2%2Fmedia&parent=49421"}],"wp:term":[{"taxonomy":"category","embeddable":true,"href":"https:\/\/ciudadtrujillo.com\/index.php?rest_route=%2Fwp%2Fv2%2Fcategories&post=49421"},{"taxonomy":"post_tag","embeddable":true,"href":"https:\/\/ciudadtrujillo.com\/index.php?rest_route=%2Fwp%2Fv2%2Ftags&post=49421"}],"curies":[{"name":"wp","href":"https:\/\/api.w.org\/{rel}","templated":true}]}}