{"id":49418,"date":"2025-12-08T22:34:33","date_gmt":"2025-12-09T02:34:33","guid":{"rendered":"https:\/\/ciudadtrujillo.com\/?p=49418"},"modified":"2025-12-08T22:34:33","modified_gmt":"2025-12-09T02:34:33","slug":"trujillo-obtuvo-10-rutas-certificadas-durante-la-feria-internacional-del-turismo-en-puerto-cabello","status":"publish","type":"post","link":"https:\/\/ciudadtrujillo.com\/?p=49418","title":{"rendered":"Trujillo obtuvo 10 rutas certificadas durante la Feria Internacional del Turismo en Puerto Cabello"},"content":{"rendered":"<p style=\"text-align: justify;\">El estado Trujillo destac\u00f3 con fuerza durante la XVIII edici\u00f3n de la Feria Internacional de Turismo de Venezuela, celebrada recientemente en la ciudad de Puerto Cabello, donde recibi\u00f3 10 rutas tur\u00edsticas certificadas por el Ministerio del Poder Popular para el Turismo (Mintur), consolidando como uno de los destinos excelente a visitar.<\/p>\n<p style=\"text-align: justify;\">La delegaci\u00f3n trujillana, integrada por representantes de la Corporaci\u00f3n Trujillana de Turismo (CTT), emprendedores, operadores y promotores tur\u00edsticos, present\u00f3 ante el p\u00fablico nacional e internacional la diversidad cultural, natural e hist\u00f3rica que caracteriza a la regi\u00f3n andina.<\/p>\n<p style=\"text-align: justify;\">La encargada de la cartera tur\u00edstica en Trujillo, Mar\u00eda Gabriela Albornoz, manifest\u00f3 que durante la jornada, Mintur otorg\u00f3 la certificaci\u00f3n oficial a 10 rutas tur\u00edsticas previamente evaluadas, las cuales cumplen con criterios de calidad, sostenibilidad, seguridad y potencial de desarrollo socioecon\u00f3mico. \u201cEste reconocimiento impulsa el fortalecimiento del turismo local y brinda respaldo institucional para su promoci\u00f3n en mercados nacionales e internacionales, nos sentimos complacidos y orgullosos de seguir trabajando en pro de nuestro terru\u00f1o\u201d, agreg\u00f3.<\/p>\n<p style=\"text-align: justify;\">Se\u00f1al\u00f3, que las rutas certificadas incluyen recorridos naturales, patrimoniales, espirituales y comunitarios, reflejando la riqueza trujillana en materia de monta\u00f1a, arquitectura colonial, tradici\u00f3n religiosa y experiencias vivenciales.<\/p>\n<p style=\"text-align: justify;\">Albornoz, expres\u00f3: \u201cdesde Trujillo celebramos este avance como un paso significativo para incrementar el flujo de visitantes y consolidar nuestro estado como un destino estrat\u00e9gico del occidente venezolano\u201d.<\/p>\n<p style=\"text-align: justify;\">Adem\u00e1s, indic\u00f3 que este a\u00f1o los estados M\u00e9rida, T\u00e1chira, y Trujillo se unificaron con el fin consolidar y proyectar la Marca Tur\u00edstica \u00abRegi\u00f3n Andina\u00bb ante el mercado nacional e internacional, posicionando a la regi\u00f3n como un destino de preferencia, diverso, sostenible y de alta calidad para el disfrute y la inversi\u00f3n.<\/p>\n<p style=\"text-align: justify;\">Destac\u00f3 que esta participaci\u00f3n unificada se fundamenta en la integraci\u00f3n estrat\u00e9gica de los tres estados andinos, reafirmando el compromiso de promover un turismo inclusivo, seguro y de calidad.<\/p>\n<p>&nbsp;<\/p>\n<p>&nbsp;<\/p>\n<h6>Prensa CTT<\/h6>\n","protected":false},"excerpt":{"rendered":"<p>El estado Trujillo destac\u00f3 con fuerza durante la XVIII edici\u00f3n de la Feria Internacional de Turismo de Venezuela, celebrada recientemente en la ciudad de Puerto Cabello, donde recibi\u00f3 10 rutas&hellip; <\/p>\n","protected":false},"author":7,"featured_media":49419,"comment_status":"closed","ping_status":"closed","sticky":false,"template":"","format":"standard","meta":{"footnotes":""},"categories":[40],"tags":[],"class_list":["post-49418","post","type-post","status-publish","format-standard","has-post-thumbnail","hentry","category-grantrujillo"],"_links":{"self":[{"href":"https:\/\/ciudadtrujillo.com\/index.php?rest_route=\/wp\/v2\/posts\/49418","targetHints":{"allow":["GET"]}}],"collection":[{"href":"https:\/\/ciudadtrujillo.com\/index.php?rest_route=\/wp\/v2\/posts"}],"about":[{"href":"https:\/\/ciudadtrujillo.com\/index.php?rest_route=\/wp\/v2\/types\/post"}],"author":[{"embeddable":true,"href":"https:\/\/ciudadtrujillo.com\/index.php?rest_route=\/wp\/v2\/users\/7"}],"replies":[{"embeddable":true,"href":"https:\/\/ciudadtrujillo.com\/index.php?rest_route=%2Fwp%2Fv2%2Fcomments&post=49418"}],"version-history":[{"count":1,"href":"https:\/\/ciudadtrujillo.com\/index.php?rest_route=\/wp\/v2\/posts\/49418\/revisions"}],"predecessor-version":[{"id":49420,"href":"https:\/\/ciudadtrujillo.com\/index.php?rest_route=\/wp\/v2\/posts\/49418\/revisions\/49420"}],"wp:featuredmedia":[{"embeddable":true,"href":"https:\/\/ciudadtrujillo.com\/index.php?rest_route=\/wp\/v2\/media\/49419"}],"wp:attachment":[{"href":"https:\/\/ciudadtrujillo.com\/index.php?rest_route=%2Fwp%2Fv2%2Fmedia&parent=49418"}],"wp:term":[{"taxonomy":"category","embeddable":true,"href":"https:\/\/ciudadtrujillo.com\/index.php?rest_route=%2Fwp%2Fv2%2Fcategories&post=49418"},{"taxonomy":"post_tag","embeddable":true,"href":"https:\/\/ciudadtrujillo.com\/index.php?rest_route=%2Fwp%2Fv2%2Ftags&post=49418"}],"curies":[{"name":"wp","href":"https:\/\/api.w.org\/{rel}","templated":true}]}}