{"id":49400,"date":"2025-12-07T23:31:14","date_gmt":"2025-12-08T03:31:14","guid":{"rendered":"https:\/\/ciudadtrujillo.com\/?p=49400"},"modified":"2025-12-07T23:31:14","modified_gmt":"2025-12-08T03:31:14","slug":"presidente-maduro-navidad-venezolana-emana-amor-e-integracion-con-los-pueblos","status":"publish","type":"post","link":"https:\/\/ciudadtrujillo.com\/?p=49400","title":{"rendered":"Presidente Maduro: Navidad venezolana emana amor e integraci\u00f3n con los pueblos"},"content":{"rendered":"<p>&nbsp;<\/p>\n<p>\u00abEl Pueblo de Venezuela emana un mensaje de amor, vida e integraci\u00f3n con el mundo\u00bb, as\u00ed lo refiere el Presidente de la Rep\u00fablica, Nicol\u00e1s Maduro Moros, por las diferentes manifestaciones culturales navide\u00f1as en los diferentes espacios del pa\u00eds.<\/p>\n<p>Destac\u00f3 que en paralelo hay tantos eventos, con impresionantes espect\u00e1culos \u00abcon la alegr\u00eda y el colorido\u00bb de las luces navide\u00f1as, que se vio tambi\u00e9n \u00abcon una tarima de m\u00e1s de 50 mil personas bailando hasta el amanecer en Cuman\u00e1\u00bb.<\/p>\n<p>El jefe de Estado inst\u00f3 al pueblo a continuar disfrutando de la familia, las compras navide\u00f1as que \u00abson las se\u00f1ales de que hemos encontrado el camino para construir la prosperidad econ\u00f3mica\u00bb.<\/p>\n<p>\u00abLas calles del pa\u00eds se llenan de alegr\u00eda, colorido y rumba en estas navidades. \u00a1Merecemos ser felices y vivir en paz!\u00bb, manifest\u00f3.<\/p>\n<p>&nbsp;<\/p>\n<p>VTV<\/p>\n","protected":false},"excerpt":{"rendered":"<p>&nbsp; \u00abEl Pueblo de Venezuela emana un mensaje de amor, vida e integraci\u00f3n con el mundo\u00bb, as\u00ed lo refiere el Presidente de la Rep\u00fablica, Nicol\u00e1s Maduro Moros, por las diferentes&hellip; <\/p>\n","protected":false},"author":7,"featured_media":49401,"comment_status":"closed","ping_status":"closed","sticky":false,"template":"","format":"standard","meta":{"footnotes":""},"categories":[41],"tags":[],"class_list":["post-49400","post","type-post","status-publish","format-standard","has-post-thumbnail","hentry","category-pais"],"_links":{"self":[{"href":"https:\/\/ciudadtrujillo.com\/index.php?rest_route=\/wp\/v2\/posts\/49400","targetHints":{"allow":["GET"]}}],"collection":[{"href":"https:\/\/ciudadtrujillo.com\/index.php?rest_route=\/wp\/v2\/posts"}],"about":[{"href":"https:\/\/ciudadtrujillo.com\/index.php?rest_route=\/wp\/v2\/types\/post"}],"author":[{"embeddable":true,"href":"https:\/\/ciudadtrujillo.com\/index.php?rest_route=\/wp\/v2\/users\/7"}],"replies":[{"embeddable":true,"href":"https:\/\/ciudadtrujillo.com\/index.php?rest_route=%2Fwp%2Fv2%2Fcomments&post=49400"}],"version-history":[{"count":1,"href":"https:\/\/ciudadtrujillo.com\/index.php?rest_route=\/wp\/v2\/posts\/49400\/revisions"}],"predecessor-version":[{"id":49402,"href":"https:\/\/ciudadtrujillo.com\/index.php?rest_route=\/wp\/v2\/posts\/49400\/revisions\/49402"}],"wp:featuredmedia":[{"embeddable":true,"href":"https:\/\/ciudadtrujillo.com\/index.php?rest_route=\/wp\/v2\/media\/49401"}],"wp:attachment":[{"href":"https:\/\/ciudadtrujillo.com\/index.php?rest_route=%2Fwp%2Fv2%2Fmedia&parent=49400"}],"wp:term":[{"taxonomy":"category","embeddable":true,"href":"https:\/\/ciudadtrujillo.com\/index.php?rest_route=%2Fwp%2Fv2%2Fcategories&post=49400"},{"taxonomy":"post_tag","embeddable":true,"href":"https:\/\/ciudadtrujillo.com\/index.php?rest_route=%2Fwp%2Fv2%2Ftags&post=49400"}],"curies":[{"name":"wp","href":"https:\/\/api.w.org\/{rel}","templated":true}]}}