{"id":49390,"date":"2025-12-07T23:21:18","date_gmt":"2025-12-08T03:21:18","guid":{"rendered":"https:\/\/ciudadtrujillo.com\/?p=49390"},"modified":"2025-12-07T23:21:18","modified_gmt":"2025-12-08T03:21:18","slug":"nuevo-tomografo-potenciara-la-atencion-publica-de-salud-en-el-estado","status":"publish","type":"post","link":"https:\/\/ciudadtrujillo.com\/?p=49390","title":{"rendered":"Nuevo tom\u00f3grafo potenciar\u00e1 la atenci\u00f3n p\u00fablica de salud en el estado"},"content":{"rendered":"<p>&nbsp;<\/p>\n<p>Desde este lunes, el estado Trujillo contar\u00e1 con un tom\u00f3grafo de 64 cortes proveniente del Ministerio del poder popular para la Salud e instalado en el Centro de Alta Tecnolog\u00eda (CAT) \u201cHumberto Fern\u00e1ndez Mor\u00e1n\u201d de la ciudad de Valera, a fin de ofrecer a la poblaci\u00f3n, que as\u00ed lo requiera, estudios especializados de manera gratuita.<\/p>\n<p>As\u00ed lo dio a conocer este viernes el gobernador Gerardo M\u00e1rquez, quien se\u00f1al\u00f3 que con este moderno equipo se estiman realizar 900 tomograf\u00edas por mes; al tiempo que agradeci\u00f3 al presidente Nicol\u00e1s Maduro y a la ministra de Salud, Magaly Guti\u00e9rrez, por la dotaci\u00f3n del tom\u00f3grafo.<\/p>\n<p>\u201cPalabra empe\u00f1ada, palabra cumplida, la ministra lo ofreci\u00f3 el d\u00eda de la inauguraci\u00f3n de la emergencia pedi\u00e1trica, de la emergencia de adulto y de trauma shock del hospital de Valera. Ella pregunt\u00f3 por el tom\u00f3grafo del Centro de Alta Tecnolog\u00eda que ha tenido algunos problemas y se comprometi\u00f3 a donar un tom\u00f3grafo de paquete para Trujillo, que ya lleg\u00f3 y ya est\u00e1 instalado\u201d, coment\u00f3.<\/p>\n<p>Entretanto, la autoridad \u00fanica de salud en la entidad, Germ\u00e1n Serrano, explic\u00f3 que ya fue instalado el hardware, software y la calibraci\u00f3n del equipo, y para este viernes se efectuar\u00e1n las pruebas, as\u00ed como la inducci\u00f3n al personal para en los pr\u00f3ximos d\u00edas comenzar a realizar los estudios especializados a los pacientes que lo necesiten.<\/p>\n<p>A\u00f1adi\u00f3 que el equipo es de 64 cortes, actualizado, moderno y de uso continuo.<\/p>\n<p>\u201cVamos a trabajar con 30 estudios por 30 d\u00edas al mes, estamos hablando de 900 tomograf\u00edas por mes. En las cl\u00ednicas privadas una tomograf\u00eda est\u00e1 entre 50 y 60 d\u00f3lares, que muchos no los tienen, pero nosotros con ese tom\u00f3grafo podemos hacer tambi\u00e9n tomograf\u00edas con contraste y esta cuesta entre 200 y 400 d\u00f3lares que la gente no tiene. As\u00ed que el pueblo de Trujillo sabe ahora que a partir del lunes de la pr\u00f3xima semana, el que necesite una tomograf\u00eda lo puede hacer en el Centro de Alta Tecnolog\u00eda, gracias a qui\u00e9n, al presidente Nicol\u00e1s Maduro y a la ministra Magaly Guti\u00e9rrez\u201d, expres\u00f3 M\u00e1rquez.<\/p>\n<p>&nbsp;<\/p>\n<p>&nbsp;<\/p>\n<p>\u00daltimas Noticias<\/p>\n","protected":false},"excerpt":{"rendered":"<p>&nbsp; Desde este lunes, el estado Trujillo contar\u00e1 con un tom\u00f3grafo de 64 cortes proveniente del Ministerio del poder popular para la Salud e instalado en el Centro de Alta&hellip; <\/p>\n","protected":false},"author":7,"featured_media":49391,"comment_status":"closed","ping_status":"closed","sticky":false,"template":"","format":"standard","meta":{"footnotes":""},"categories":[52,40],"tags":[],"class_list":["post-49390","post","type-post","status-publish","format-standard","has-post-thumbnail","hentry","category-destacadas","category-grantrujillo"],"_links":{"self":[{"href":"https:\/\/ciudadtrujillo.com\/index.php?rest_route=\/wp\/v2\/posts\/49390","targetHints":{"allow":["GET"]}}],"collection":[{"href":"https:\/\/ciudadtrujillo.com\/index.php?rest_route=\/wp\/v2\/posts"}],"about":[{"href":"https:\/\/ciudadtrujillo.com\/index.php?rest_route=\/wp\/v2\/types\/post"}],"author":[{"embeddable":true,"href":"https:\/\/ciudadtrujillo.com\/index.php?rest_route=\/wp\/v2\/users\/7"}],"replies":[{"embeddable":true,"href":"https:\/\/ciudadtrujillo.com\/index.php?rest_route=%2Fwp%2Fv2%2Fcomments&post=49390"}],"version-history":[{"count":1,"href":"https:\/\/ciudadtrujillo.com\/index.php?rest_route=\/wp\/v2\/posts\/49390\/revisions"}],"predecessor-version":[{"id":49392,"href":"https:\/\/ciudadtrujillo.com\/index.php?rest_route=\/wp\/v2\/posts\/49390\/revisions\/49392"}],"wp:featuredmedia":[{"embeddable":true,"href":"https:\/\/ciudadtrujillo.com\/index.php?rest_route=\/wp\/v2\/media\/49391"}],"wp:attachment":[{"href":"https:\/\/ciudadtrujillo.com\/index.php?rest_route=%2Fwp%2Fv2%2Fmedia&parent=49390"}],"wp:term":[{"taxonomy":"category","embeddable":true,"href":"https:\/\/ciudadtrujillo.com\/index.php?rest_route=%2Fwp%2Fv2%2Fcategories&post=49390"},{"taxonomy":"post_tag","embeddable":true,"href":"https:\/\/ciudadtrujillo.com\/index.php?rest_route=%2Fwp%2Fv2%2Ftags&post=49390"}],"curies":[{"name":"wp","href":"https:\/\/api.w.org\/{rel}","templated":true}]}}