{"id":49387,"date":"2025-12-07T23:18:29","date_gmt":"2025-12-08T03:18:29","guid":{"rendered":"https:\/\/ciudadtrujillo.com\/?p=49387"},"modified":"2025-12-07T23:21:34","modified_gmt":"2025-12-08T03:21:34","slug":"direccion-regional-el-nino-simon-realiza-parrandon-navideno","status":"publish","type":"post","link":"https:\/\/ciudadtrujillo.com\/?p=49387","title":{"rendered":"Direcci\u00f3n Regional \u00abEl Ni\u00f1o Sim\u00f3n\u00bb realiza Parrand\u00f3n Navide\u00f1o"},"content":{"rendered":"<div dir=\"auto\"><\/div>\n<div dir=\"auto\">\n<p>La magia de la Navidad se apoder\u00f3 este s\u00e1bado 6 de diciembre de los espacios del Foro Bolivariano de Valera con la presentaci\u00f3n del Parrand\u00f3n Navide\u00f1o de las 14 Casas de los Ni\u00f1os adscritas a la Direcci\u00f3n Regional \u00abEl Ni\u00f1o Sim\u00f3n\u00bb.<\/p>\n<div dir=\"auto\"><\/div>\n<div dir=\"auto\">El acto, encabezado por la primera combatiente y directora de la instituci\u00f3n, Lcda. Reyna P\u00e9rez de M\u00e1rquez, cont\u00f3 con la puesta en escena de aproximadamente 250 ni\u00f1os y ni\u00f1as con trajes y bailes alusivos a la \u00e9poca navide\u00f1a.<\/div>\n<div dir=\"auto\"><\/div>\n<div dir=\"auto\">La primera combatiente agradeci\u00f3 al Presidente Nicol\u00e1s Maduro y al gobernador Gerardo M\u00e1rquez por hacer posible esta emotiva actividad en la que \u00e9l Semillero de la Patria fortalece su sentido de venezolanidad.<\/div>\n<div dir=\"auto\"><\/div>\n<div dir=\"auto\">Asimismo, invit\u00f3 a las familias trujillanas a vivir en uni\u00f3n y paz las fiestas decembrinas, regalandoles a los ni\u00f1os momentos de felicidad.<\/div>\n<\/div>\n<div dir=\"auto\"><\/div>\n<div dir=\"auto\"><\/div>\n<div dir=\"auto\"><\/div>\n<div dir=\"auto\"><\/div>\n<div dir=\"auto\">\n<div dir=\"auto\"><strong><em>Ciudad Trujillo<\/em><\/strong><\/div>\n<div dir=\"auto\"><strong><em>Gr\u00e1ficas: DGPG<\/em><\/strong><\/div>\n<div dir=\"auto\"><\/div>\n<\/div>\n","protected":false},"excerpt":{"rendered":"<p>La magia de la Navidad se apoder\u00f3 este s\u00e1bado 6 de diciembre de los espacios del Foro Bolivariano de Valera con la presentaci\u00f3n del Parrand\u00f3n Navide\u00f1o de las 14 Casas&hellip; <\/p>\n","protected":false},"author":7,"featured_media":49388,"comment_status":"closed","ping_status":"closed","sticky":false,"template":"","format":"standard","meta":{"footnotes":""},"categories":[52,40],"tags":[],"class_list":["post-49387","post","type-post","status-publish","format-standard","has-post-thumbnail","hentry","category-destacadas","category-grantrujillo"],"_links":{"self":[{"href":"https:\/\/ciudadtrujillo.com\/index.php?rest_route=\/wp\/v2\/posts\/49387","targetHints":{"allow":["GET"]}}],"collection":[{"href":"https:\/\/ciudadtrujillo.com\/index.php?rest_route=\/wp\/v2\/posts"}],"about":[{"href":"https:\/\/ciudadtrujillo.com\/index.php?rest_route=\/wp\/v2\/types\/post"}],"author":[{"embeddable":true,"href":"https:\/\/ciudadtrujillo.com\/index.php?rest_route=\/wp\/v2\/users\/7"}],"replies":[{"embeddable":true,"href":"https:\/\/ciudadtrujillo.com\/index.php?rest_route=%2Fwp%2Fv2%2Fcomments&post=49387"}],"version-history":[{"count":2,"href":"https:\/\/ciudadtrujillo.com\/index.php?rest_route=\/wp\/v2\/posts\/49387\/revisions"}],"predecessor-version":[{"id":49393,"href":"https:\/\/ciudadtrujillo.com\/index.php?rest_route=\/wp\/v2\/posts\/49387\/revisions\/49393"}],"wp:featuredmedia":[{"embeddable":true,"href":"https:\/\/ciudadtrujillo.com\/index.php?rest_route=\/wp\/v2\/media\/49388"}],"wp:attachment":[{"href":"https:\/\/ciudadtrujillo.com\/index.php?rest_route=%2Fwp%2Fv2%2Fmedia&parent=49387"}],"wp:term":[{"taxonomy":"category","embeddable":true,"href":"https:\/\/ciudadtrujillo.com\/index.php?rest_route=%2Fwp%2Fv2%2Fcategories&post=49387"},{"taxonomy":"post_tag","embeddable":true,"href":"https:\/\/ciudadtrujillo.com\/index.php?rest_route=%2Fwp%2Fv2%2Ftags&post=49387"}],"curies":[{"name":"wp","href":"https:\/\/api.w.org\/{rel}","templated":true}]}}