{"id":49370,"date":"2025-12-04T21:59:24","date_gmt":"2025-12-05T01:59:24","guid":{"rendered":"https:\/\/ciudadtrujillo.com\/?p=49370"},"modified":"2025-12-04T22:00:46","modified_gmt":"2025-12-05T02:00:46","slug":"entregan-instrumentos-agrarios-a-productores-y-acreditan-a-consejos-campesinos-del-estado","status":"publish","type":"post","link":"https:\/\/ciudadtrujillo.com\/?p=49370","title":{"rendered":"Entregan instrumentos agrarios a productores y acreditan a Consejos Campesinos del estado"},"content":{"rendered":"<p style=\"text-align: justify;\">Productores de los municipios San Rafael de Carvajal, Escuque, Rafael Rangel, Motat\u00e1n, Urdaneta y Valera recibieron instrumentos agrarios en una actividad realizada en el Foro Bolivariano del municipio Valera. La entrega fue efectuada por el Instituto Nacional de Tierras para formalizar la posesi\u00f3n de la tierra.<\/p>\n<p style=\"text-align: justify;\">Adem\u00e1s, el Ministerio del Poder Popular para la Agricultura y Tierras Productivas acredit\u00f3 a los Consejos Campesinos, con el fin de fortalecer la organizaci\u00f3n y la implicaci\u00f3n de los agricultores en la gesti\u00f3n de sus tierras.<\/p>\n<p style=\"text-align: justify;\">Con esta iniciativa, se espera impulsar la producci\u00f3n en la regi\u00f3n y garantizar la seguridad alimentaria.<\/p>\n<p>&nbsp;<\/p>\n<p>&nbsp;<\/p>\n<h6>Ciudad Trujillo<\/h6>\n","protected":false},"excerpt":{"rendered":"<p>Productores de los municipios San Rafael de Carvajal, Escuque, Rafael Rangel, Motat\u00e1n, Urdaneta y Valera recibieron instrumentos agrarios en una actividad realizada en el Foro Bolivariano del municipio Valera. La&hellip; <\/p>\n","protected":false},"author":7,"featured_media":49372,"comment_status":"closed","ping_status":"closed","sticky":false,"template":"","format":"standard","meta":{"footnotes":""},"categories":[40],"tags":[],"class_list":["post-49370","post","type-post","status-publish","format-standard","has-post-thumbnail","hentry","category-grantrujillo"],"_links":{"self":[{"href":"https:\/\/ciudadtrujillo.com\/index.php?rest_route=\/wp\/v2\/posts\/49370","targetHints":{"allow":["GET"]}}],"collection":[{"href":"https:\/\/ciudadtrujillo.com\/index.php?rest_route=\/wp\/v2\/posts"}],"about":[{"href":"https:\/\/ciudadtrujillo.com\/index.php?rest_route=\/wp\/v2\/types\/post"}],"author":[{"embeddable":true,"href":"https:\/\/ciudadtrujillo.com\/index.php?rest_route=\/wp\/v2\/users\/7"}],"replies":[{"embeddable":true,"href":"https:\/\/ciudadtrujillo.com\/index.php?rest_route=%2Fwp%2Fv2%2Fcomments&post=49370"}],"version-history":[{"count":1,"href":"https:\/\/ciudadtrujillo.com\/index.php?rest_route=\/wp\/v2\/posts\/49370\/revisions"}],"predecessor-version":[{"id":49371,"href":"https:\/\/ciudadtrujillo.com\/index.php?rest_route=\/wp\/v2\/posts\/49370\/revisions\/49371"}],"wp:featuredmedia":[{"embeddable":true,"href":"https:\/\/ciudadtrujillo.com\/index.php?rest_route=\/wp\/v2\/media\/49372"}],"wp:attachment":[{"href":"https:\/\/ciudadtrujillo.com\/index.php?rest_route=%2Fwp%2Fv2%2Fmedia&parent=49370"}],"wp:term":[{"taxonomy":"category","embeddable":true,"href":"https:\/\/ciudadtrujillo.com\/index.php?rest_route=%2Fwp%2Fv2%2Fcategories&post=49370"},{"taxonomy":"post_tag","embeddable":true,"href":"https:\/\/ciudadtrujillo.com\/index.php?rest_route=%2Fwp%2Fv2%2Ftags&post=49370"}],"curies":[{"name":"wp","href":"https:\/\/api.w.org\/{rel}","templated":true}]}}